{"id":22220,"date":"2021-11-12T16:47:44","date_gmt":"2021-11-12T21:47:44","guid":{"rendered":"https:\/\/www.leaf.ca\/news\/leaf-is-hiring-an-office-and-branch-relations-coordinator\/"},"modified":"2021-12-20T11:05:20","modified_gmt":"2021-12-20T16:05:20","slug":"leaf-is-hiring-an-office-and-branch-relations-coordinator","status":"publish","type":"news","link":"https:\/\/www.leaf.ca\/fr\/news\/leaf-is-hiring-an-office-and-branch-relations-coordinator\/","title":{"rendered":"Le FAEJ est \u00e0 la recherche d\u2019un nouveau coordonnateur ou nouvelle coordonnatrice du bureau et des relations avec les filiales!"},"content":{"rendered":"\n<p><strong>T\u00e9l\u00e9chargez l\u2019offre d\u2019emploi\u00a0<a href=\"https:\/\/www.leaf.ca\/wp-content\/uploads\/2021\/11\/Coordonnateur-ou-coordonnatrice-du-bureau-et-des-relations.pdf\" target=\"_blank\" rel=\"noreferrer noopener\">ici<\/a>.<\/strong> <\/p>\n\n\n\n<p>Le FAEJ est \u00e0 la recherche d\u2019un nouveau coordonnateur ou nouvelle coordonnatrice du bureau et des relations avec les filiales. Ce poste est essentiel pour am\u00e9liorer les op\u00e9rations du FAEJ et faire progresser les travaux de nos filiales membres. En \u00e9troite collaboration au sein de l\u2019\u00e9quipe des Op\u00e9rations, le coordonnateur ou la coordonnatrice de bureau et des relations avec les filiales cr\u00e9e un milieu de travail productif pour l\u2019ensemble de l\u2019\u00e9quipe du personnel national du FAEJ. Ses responsabilit\u00e9s incluent la participation au processus financier de l\u2019organisation, la gestion du logiciel du FAEJ et la promotion des travaux des filiales.<\/p>\n\n\n\n<p>Il s\u2019agit d\u2019un poste permanent \u00e0 temps plein dont la date de d\u00e9but pr\u00e9vue est le 4&nbsp;janvier 2022. La candidate ou le candidat retenu travaillera id\u00e9alement aux bureaux de Toronto du FAEJ au moins deux ou trois jours par semaine. L\u2019\u00e9chelle salariale du poste se situe entre 55&nbsp;000&nbsp;$ et 65&nbsp;000&nbsp;$ par ann\u00e9e. De plus, le FAEJ offre une trousse d\u2019avantages sociaux concurrentiels et s\u2019engage \u00e0 \u00eatre un lieu de travail exemplaire.<\/p>\n\n\n\n<p>Les demandes seront accept\u00e9es jusqu\u2019\u00e0 minuit le 5&nbsp;d\u00e9cembre \u00e0 <a href=\"mailto:hiring@leaf.ca\">hiring@leaf.ca<\/a>. Veuillez acheminer toute question concernant le poste \u00e0 la directrice des op\u00e9rations brea \u00e0 <a href=\"mailto:h.brea@leaf.ca\">h.brea@leaf.ca<\/a>.<\/p>\n\n\n\n<p><strong>T\u00e9l\u00e9chargez l&rsquo;offre d&#8217;emploi <a href=\"https:\/\/www.leaf.ca\/wp-content\/uploads\/2021\/11\/Coordonnateur-ou-coordonnatrice-du-bureau-et-des-relations.pdf\" target=\"_blank\" rel=\"noreferrer noopener\">ici<\/a>.<\/strong><\/p>\n","protected":false},"featured_media":0,"template":"","meta":{"_acf_changed":false},"categories":[],"tags":[559,560],"class_list":["post-22220","news","type-news","status-publish","hentry","tag-hiring-2","tag-staff-2"],"acf":[],"yoast_head":"<!-- This site is optimized with the Yoast SEO plugin v27.4 - https:\/\/yoast.com\/product\/yoast-seo-wordpress\/ -->\n<title>Le FAEJ est \u00e0 la recherche d\u2019un nouveau coordonnateur ou nouvelle coordonnatrice du bureau et des relations avec les filiales! - LEAF<\/title>\n<meta name=\"robots\" content=\"index, follow, max-snippet:-1, max-image-preview:large, max-video-preview:-1\" \/>\n<link rel=\"canonical\" href=\"https:\/\/www.leaf.ca\/fr\/news\/leaf-is-hiring-an-office-and-branch-relations-coordinator\/\" \/>\n<meta property=\"og:locale\" content=\"fr_FR\" \/>\n<meta property=\"og:type\" content=\"article\" \/>\n<meta property=\"og:title\" content=\"Le FAEJ est \u00e0 la recherche d\u2019un nouveau coordonnateur ou nouvelle coordonnatrice du bureau et des relations avec les filiales! - LEAF\" \/>\n<meta property=\"og:description\" content=\"T\u00e9l\u00e9chargez l\u2019offre d\u2019emploi\u00a0ici. Le FAEJ est \u00e0 la recherche d\u2019un nouveau coordonnateur ou nouvelle coordonnatrice du bureau et des relations avec les filiales. Ce poste est essentiel pour am\u00e9liorer les op\u00e9rations du FAEJ et faire progresser les travaux de nos filiales membres. En \u00e9troite collaboration au sein de l\u2019\u00e9quipe des Op\u00e9rations, le coordonnateur ou la [&hellip;]\" \/>\n<meta property=\"og:url\" content=\"https:\/\/www.leaf.ca\/fr\/news\/leaf-is-hiring-an-office-and-branch-relations-coordinator\/\" \/>\n<meta property=\"og:site_name\" content=\"LEAF\" \/>\n<meta property=\"article:modified_time\" content=\"2021-12-20T16:05:20+00:00\" \/>\n<meta name=\"twitter:card\" content=\"summary_large_image\" \/>\n<meta name=\"twitter:label1\" content=\"Dur\u00e9e de lecture estim\u00e9e\" \/>\n\t<meta name=\"twitter:data1\" content=\"1 minute\" \/>\n<script type=\"application\/ld+json\" class=\"yoast-schema-graph\">{\"@context\":\"https:\\\/\\\/schema.org\",\"@graph\":[{\"@type\":\"WebPage\",\"@id\":\"https:\\\/\\\/www.leaf.ca\\\/fr\\\/news\\\/leaf-is-hiring-an-office-and-branch-relations-coordinator\\\/\",\"url\":\"https:\\\/\\\/www.leaf.ca\\\/fr\\\/news\\\/leaf-is-hiring-an-office-and-branch-relations-coordinator\\\/\",\"name\":\"Le FAEJ est \u00e0 la recherche d\u2019un nouveau coordonnateur ou nouvelle coordonnatrice du bureau et des relations avec les filiales! - LEAF\",\"isPartOf\":{\"@id\":\"https:\\\/\\\/www.leaf.ca\\\/fr\\\/#website\"},\"datePublished\":\"2021-11-12T21:47:44+00:00\",\"dateModified\":\"2021-12-20T16:05:20+00:00\",\"breadcrumb\":{\"@id\":\"https:\\\/\\\/www.leaf.ca\\\/fr\\\/news\\\/leaf-is-hiring-an-office-and-branch-relations-coordinator\\\/#breadcrumb\"},\"inLanguage\":\"fr-FR\",\"potentialAction\":[{\"@type\":\"ReadAction\",\"target\":[\"https:\\\/\\\/www.leaf.ca\\\/fr\\\/news\\\/leaf-is-hiring-an-office-and-branch-relations-coordinator\\\/\"]}]},{\"@type\":\"BreadcrumbList\",\"@id\":\"https:\\\/\\\/www.leaf.ca\\\/fr\\\/news\\\/leaf-is-hiring-an-office-and-branch-relations-coordinator\\\/#breadcrumb\",\"itemListElement\":[{\"@type\":\"ListItem\",\"position\":1,\"name\":\"Home\",\"item\":\"https:\\\/\\\/www.leaf.ca\\\/fr\\\/\"},{\"@type\":\"ListItem\",\"position\":2,\"name\":\"News\",\"item\":\"https:\\\/\\\/www.leaf.ca\\\/fr\\\/news\\\/\"},{\"@type\":\"ListItem\",\"position\":3,\"name\":\"Le FAEJ est \u00e0 la recherche d\u2019un nouveau coordonnateur ou nouvelle coordonnatrice du bureau et des relations avec les filiales!\"}]},{\"@type\":\"WebSite\",\"@id\":\"https:\\\/\\\/www.leaf.ca\\\/fr\\\/#website\",\"url\":\"https:\\\/\\\/www.leaf.ca\\\/fr\\\/\",\"name\":\"LEAF\",\"description\":\"Women&#039;s Legal Education and Action Fund\",\"publisher\":{\"@id\":\"https:\\\/\\\/www.leaf.ca\\\/fr\\\/#organization\"},\"potentialAction\":[{\"@type\":\"SearchAction\",\"target\":{\"@type\":\"EntryPoint\",\"urlTemplate\":\"https:\\\/\\\/www.leaf.ca\\\/fr\\\/?s={search_term_string}\"},\"query-input\":{\"@type\":\"PropertyValueSpecification\",\"valueRequired\":true,\"valueName\":\"search_term_string\"}}],\"inLanguage\":\"fr-FR\"},{\"@type\":\"Organization\",\"@id\":\"https:\\\/\\\/www.leaf.ca\\\/fr\\\/#organization\",\"name\":\"LEAF\",\"url\":\"https:\\\/\\\/www.leaf.ca\\\/fr\\\/\",\"logo\":{\"@type\":\"ImageObject\",\"inLanguage\":\"fr-FR\",\"@id\":\"https:\\\/\\\/www.leaf.ca\\\/fr\\\/#\\\/schema\\\/logo\\\/image\\\/\",\"url\":\"https:\\\/\\\/www.leaf.ca\\\/wp-content\\\/uploads\\\/2020\\\/09\\\/LEAF_FAEJ_hz_names_colour_rgb.svg\",\"contentUrl\":\"https:\\\/\\\/www.leaf.ca\\\/wp-content\\\/uploads\\\/2020\\\/09\\\/LEAF_FAEJ_hz_names_colour_rgb.svg\",\"width\":612,\"height\":110,\"caption\":\"LEAF\"},\"image\":{\"@id\":\"https:\\\/\\\/www.leaf.ca\\\/fr\\\/#\\\/schema\\\/logo\\\/image\\\/\"}}]}<\/script>\n<!-- \/ Yoast SEO plugin. -->","yoast_head_json":{"title":"Le FAEJ est \u00e0 la recherche d\u2019un nouveau coordonnateur ou nouvelle coordonnatrice du bureau et des relations avec les filiales! - LEAF","robots":{"index":"index","follow":"follow","max-snippet":"max-snippet:-1","max-image-preview":"max-image-preview:large","max-video-preview":"max-video-preview:-1"},"canonical":"https:\/\/www.leaf.ca\/fr\/news\/leaf-is-hiring-an-office-and-branch-relations-coordinator\/","og_locale":"fr_FR","og_type":"article","og_title":"Le FAEJ est \u00e0 la recherche d\u2019un nouveau coordonnateur ou nouvelle coordonnatrice du bureau et des relations avec les filiales! - LEAF","og_description":"T\u00e9l\u00e9chargez l\u2019offre d\u2019emploi\u00a0ici. Le FAEJ est \u00e0 la recherche d\u2019un nouveau coordonnateur ou nouvelle coordonnatrice du bureau et des relations avec les filiales. Ce poste est essentiel pour am\u00e9liorer les op\u00e9rations du FAEJ et faire progresser les travaux de nos filiales membres. En \u00e9troite collaboration au sein de l\u2019\u00e9quipe des Op\u00e9rations, le coordonnateur ou la [&hellip;]","og_url":"https:\/\/www.leaf.ca\/fr\/news\/leaf-is-hiring-an-office-and-branch-relations-coordinator\/","og_site_name":"LEAF","article_modified_time":"2021-12-20T16:05:20+00:00","twitter_card":"summary_large_image","twitter_misc":{"Dur\u00e9e de lecture estim\u00e9e":"1 minute"},"schema":{"@context":"https:\/\/schema.org","@graph":[{"@type":"WebPage","@id":"https:\/\/www.leaf.ca\/fr\/news\/leaf-is-hiring-an-office-and-branch-relations-coordinator\/","url":"https:\/\/www.leaf.ca\/fr\/news\/leaf-is-hiring-an-office-and-branch-relations-coordinator\/","name":"Le FAEJ est \u00e0 la recherche d\u2019un nouveau coordonnateur ou nouvelle coordonnatrice du bureau et des relations avec les filiales! - LEAF","isPartOf":{"@id":"https:\/\/www.leaf.ca\/fr\/#website"},"datePublished":"2021-11-12T21:47:44+00:00","dateModified":"2021-12-20T16:05:20+00:00","breadcrumb":{"@id":"https:\/\/www.leaf.ca\/fr\/news\/leaf-is-hiring-an-office-and-branch-relations-coordinator\/#breadcrumb"},"inLanguage":"fr-FR","potentialAction":[{"@type":"ReadAction","target":["https:\/\/www.leaf.ca\/fr\/news\/leaf-is-hiring-an-office-and-branch-relations-coordinator\/"]}]},{"@type":"BreadcrumbList","@id":"https:\/\/www.leaf.ca\/fr\/news\/leaf-is-hiring-an-office-and-branch-relations-coordinator\/#breadcrumb","itemListElement":[{"@type":"ListItem","position":1,"name":"Home","item":"https:\/\/www.leaf.ca\/fr\/"},{"@type":"ListItem","position":2,"name":"News","item":"https:\/\/www.leaf.ca\/fr\/news\/"},{"@type":"ListItem","position":3,"name":"Le FAEJ est \u00e0 la recherche d\u2019un nouveau coordonnateur ou nouvelle coordonnatrice du bureau et des relations avec les filiales!"}]},{"@type":"WebSite","@id":"https:\/\/www.leaf.ca\/fr\/#website","url":"https:\/\/www.leaf.ca\/fr\/","name":"LEAF","description":"Women&#039;s Legal Education and Action Fund","publisher":{"@id":"https:\/\/www.leaf.ca\/fr\/#organization"},"potentialAction":[{"@type":"SearchAction","target":{"@type":"EntryPoint","urlTemplate":"https:\/\/www.leaf.ca\/fr\/?s={search_term_string}"},"query-input":{"@type":"PropertyValueSpecification","valueRequired":true,"valueName":"search_term_string"}}],"inLanguage":"fr-FR"},{"@type":"Organization","@id":"https:\/\/www.leaf.ca\/fr\/#organization","name":"LEAF","url":"https:\/\/www.leaf.ca\/fr\/","logo":{"@type":"ImageObject","inLanguage":"fr-FR","@id":"https:\/\/www.leaf.ca\/fr\/#\/schema\/logo\/image\/","url":"https:\/\/www.leaf.ca\/wp-content\/uploads\/2020\/09\/LEAF_FAEJ_hz_names_colour_rgb.svg","contentUrl":"https:\/\/www.leaf.ca\/wp-content\/uploads\/2020\/09\/LEAF_FAEJ_hz_names_colour_rgb.svg","width":612,"height":110,"caption":"LEAF"},"image":{"@id":"https:\/\/www.leaf.ca\/fr\/#\/schema\/logo\/image\/"}}]}},"_links":{"self":[{"href":"https:\/\/www.leaf.ca\/fr\/wp-json\/wp\/v2\/news\/22220","targetHints":{"allow":["GET"]}}],"collection":[{"href":"https:\/\/www.leaf.ca\/fr\/wp-json\/wp\/v2\/news"}],"about":[{"href":"https:\/\/www.leaf.ca\/fr\/wp-json\/wp\/v2\/types\/news"}],"wp:attachment":[{"href":"https:\/\/www.leaf.ca\/fr\/wp-json\/wp\/v2\/media?parent=22220"}],"wp:term":[{"taxonomy":"category","embeddable":true,"href":"https:\/\/www.leaf.ca\/fr\/wp-json\/wp\/v2\/categories?post=22220"},{"taxonomy":"post_tag","embeddable":true,"href":"https:\/\/www.leaf.ca\/fr\/wp-json\/wp\/v2\/tags?post=22220"}],"curies":[{"name":"wp","href":"https:\/\/api.w.org\/{rel}","templated":true}]}}