{"id":22541,"date":"2022-06-01T16:17:02","date_gmt":"2022-06-01T20:17:02","guid":{"rendered":"https:\/\/www.leaf.ca\/?post_type=news&#038;p=22541"},"modified":"2022-06-01T16:27:39","modified_gmt":"2022-06-01T20:27:39","slug":"leaf-faej-actualise-son-mandat-pour-refleter-une-vision-contemporaine-et-inclusive-de-legalite-des-genres","status":"publish","type":"news","link":"https:\/\/www.leaf.ca\/fr\/news\/leaf-faej-actualise-son-mandat-pour-refleter-une-vision-contemporaine-et-inclusive-de-legalite-des-genres\/","title":{"rendered":"LEAF-FAEJ actualise son mandat pour refl\u00e9ter une vision contemporaine et inclusive de l&rsquo;\u00e9galit\u00e9 des genres"},"content":{"rendered":"\n<p>le 3 mai 2022<\/p>\n\n\n\n<h2 class=\"wp-block-heading\"><strong>Lettre de notre directrice ex\u00e9cutive et du conseil d\u2019administration&nbsp;: Une mise \u00e0 jour inclusive des genres pour le mandat du FAEJ<\/strong><\/h2>\n\n\n\n<p>Aux supporteurs, partenaires et amis du FAEJ,<br><br>Nous sommes tr\u00e8s heureuses de communiquer la nouvelle que nous avons officiellement mis <a href=\"https:\/\/www.leaf.ca\/fr\/our-mission-vision\/\"><strong>notre mandat<\/strong><\/a> \u00e0 jour pour qu\u2019il soit plus inclusif des genres. Ainsi, nous veillons \u00e0 ce que nos travaux continuent de saisir de fa\u00e7on ad\u00e9quate les probl\u00e8mes d\u2019\u00e9galit\u00e9 des genres qui surviennent dans la soci\u00e9t\u00e9 canadienne.<br><br>La compr\u00e9hension du genre dans la soci\u00e9t\u00e9 canadienne a chang\u00e9 depuis que le FAEJ a \u00e9tabli son objectif en 1985. Une gamme d\u2019identit\u00e9s de genre diff\u00e9rentes ont progressivement \u00e9t\u00e9 reconnues dans les sph\u00e8res sociales g\u00e9n\u00e9rales, et les gens s\u2019identifient de plus en plus \u00e0 bien des points diff\u00e9rents le long du spectre de genre. \u00c0 ce moment-ci, il est \u00e9vident que les femmes ne sont pas le seul groupe de personnes qui fait face \u00e0 la discrimination fond\u00e9e sur le genre.<br><br>Le FAEJ cherche \u00e0 participer \u00e0 une d\u00e9fense de l\u2019\u00e9galit\u00e9 des genres qui tient bien compte des enjeux juridiques et sociaux canadiens de l\u2019heure. C\u2019est pourquoi le conseil d\u2019administration du FAEJ, en consultation avec les membres de nos sections r\u00e9gionales, vient de voter en faveur de la mise \u00e0 jour de notre mandat. La mission et le mandat du FAEJ sont maintenant les suivants&nbsp;:<\/p>\n\n\n\n<blockquote class=\"wp-block-quote is-layout-flow wp-block-quote-is-layout-flow\"><p><strong>Le FAEJ est une organisation caritative nationale qui \u0153uvre pour que la loi garantisse l\u2019\u00e9galit\u00e9 r\u00e9elle pour toutes les femmes, les filles, les personnes trans et les personnes non-binaires.<\/strong><\/p><\/blockquote>\n\n\n\n<p>Le terme \u00ab&nbsp;femmes&nbsp;\u00bb inclut les femmes cis et trans. Notre mandat renouvel\u00e9 inclut maintenant explicitement les personnes non-binaires et toutes les personnes trans plut\u00f4t que seulement les femmes, comme c\u2019\u00e9tait le cas auparavant.<\/p>\n\n\n\n<p><strong><br>Qu\u2019est-ce que \u00e7a veut dire en pratique? <\/strong>\u00c0 mesure que nous poursuivons nos travaux visant \u00e0 faire progresser les droits des femmes et des filles, nous pouvons maintenant examiner \u00e9galement de nouvelles possibilit\u00e9s de r\u00e9forme du droit, de litiges et d\u2019\u00e9ducation publique qui portent principalement sur les personnes non binaires et trans. Tout nouveau projet du genre sera entrepris en collaboration et en alliance avec les communaut\u00e9s non-binaires et trans.<br><br>Cette mise \u00e0 jour repr\u00e9sente l\u2019aboutissement d\u2019un projet d\u2019un an qui a mobilis\u00e9 les intervenant\u2219e\u2219s du FAEJ \u00e0 bien des niveaux. Le personnel du FAEJ, les membres du conseil d\u2019administration et les membres de nos sections r\u00e9gionales ont re\u00e7u une formation sur l\u2019inclusion des personnes trans et se sont r\u00e9uni\u2219e\u2219s \u00e0 plusieurs reprises afin de discuter de la voie \u00e0 suivre. Nous sommes reconnaissantes \u00e0 tous nos intervenant\u2219e\u2219s pour leur dur labeur qui a men\u00e9 \u00e0 ce moment. Et nous sommes infiniment reconnaissantes \u00e0 vous, nos supporteurs, pour votre encouragement et votre r\u00e9troaction tout au long de notre participation \u00e0 ce processus. Pour en savoir plus sur ce que veut dire cette mise \u00e0 jour, veuillez consulter notre <strong><a href=\"https:\/\/www.leaf.ca\/fr\/mise-a-jour-au-mandat-du-faej--foire-aux-questions-faq\/\">Foire aux questions<\/a><\/strong>.<br><br>Nous avons h\u00e2te de poursuivre la c\u00e9l\u00e9bration de ces travaux excitant avec vous dans le cadre de notre Gala de la Journ\u00e9e de l\u2019\u00e9galit\u00e9 le 31&nbsp;mai \u2013 les billets sont <a href=\"https:\/\/r20.rs6.net\/tn.jsp?f=001pIBLwtWbQMHXt8hPaIuYRa1WGi58pJHqMuLBVvZlqHkPXALzJQZ3o74vDuXGsb6e6PV5_HTn6NQrjFQDkFxiMnC5JnoMOfF7F8_HxODe0BwOSoRysVSGtDrBOMjyq3QVsE2_iv2TXt26ZbxmGR_cTIB-jiXLUrmdNXbuFoH0tbrCndX9hObHXYdrCRHRz5Our3kZxptj06hHehr0iYqUyQ==&amp;c=McHaR5uiEpjwX7klGpJB-kychDWTxsqj2HA9q69i4dKxY6jTzQWdlA==&amp;ch=U14TcaENSZzlathE8PrT8q40eIeZpZbpthLm1aC1dV5Lfq7qLwC2vA==\"><strong>en vente d\u00e8s maintenant<\/strong><\/a>.<br><br>\u00c0 mesure que nous poursuivons notre cheminement, nous savons que ce n\u2019est que le d\u00e9but de nos travaux visant \u00e0 faire progresser de fa\u00e7on significative les droits \u00e0 l\u2019\u00e9galit\u00e9 pour les personnes trans et les personnes non-binaires. Ce que nous avons r\u00e9alis\u00e9 en paroles doit se poursuivre dans nos actions. Nous esp\u00e9rons partager ces actions avec vous.<\/p>\n\n\n\n<p><strong>Pam Hrick<\/strong><br>Directrice ex\u00e9cutive et conseill\u00e8re g\u00e9n\u00e9rale<\/p>\n\n\n\n<p><\/p>\n\n\n\n<p><strong>Kerry Lynn Okita<\/strong><br>Pr\u00e9sidente du Conseil d\u2019administration<\/p>\n\n\n\n<hr class=\"wp-block-separator has-alpha-channel-opacity\"\/>\n\n\n\n<div data-wp-interactive=\"core\/file\" class=\"wp-block-file\"><object data-wp-bind--hidden=\"!state.hasPdfPreview\" hidden class=\"wp-block-file__embed\" data=\"https:\/\/www.leaf.ca\/wp-content\/uploads\/2022\/06\/FAEJ-Lettre-Une-mise-a\u0300-jour-inclusive-des-genres-pour-le-mandat-du-FAEJ.pdf\" type=\"application\/pdf\" style=\"width:100%;height:600px\" aria-label=\"Contenu embarqu\u00e9 Embed of FAEJ-Lettre-Une-mise-a\u0300-jour-inclusive-des-genres-pour-le-mandat-du-FAEJ..\"><\/object><a id=\"wp-block-file--media-bdfbb09e-df03-4e81-af82-6579a7181819\" href=\"https:\/\/www.leaf.ca\/wp-content\/uploads\/2022\/06\/FAEJ-Lettre-Une-mise-a\u0300-jour-inclusive-des-genres-pour-le-mandat-du-FAEJ.pdf\">FAEJ-Lettre-Une-mise-a\u0300-jour-inclusive-des-genres-pour-le-mandat-du-FAEJ<\/a><a href=\"https:\/\/www.leaf.ca\/wp-content\/uploads\/2022\/06\/FAEJ-Lettre-Une-mise-a\u0300-jour-inclusive-des-genres-pour-le-mandat-du-FAEJ.pdf\" class=\"wp-block-file__button\" download aria-describedby=\"wp-block-file--media-bdfbb09e-df03-4e81-af82-6579a7181819\">Download<\/a><\/div>\n","protected":false},"featured_media":0,"template":"","meta":{"_acf_changed":false},"categories":[],"tags":[],"class_list":["post-22541","news","type-news","status-publish","hentry"],"acf":[],"yoast_head":"<!-- This site is optimized with the Yoast SEO plugin v27.4 - https:\/\/yoast.com\/product\/yoast-seo-wordpress\/ -->\n<title>LEAF-FAEJ actualise son mandat pour refl\u00e9ter une vision contemporaine et inclusive de l&#039;\u00e9galit\u00e9 des genres - LEAF<\/title>\n<meta name=\"robots\" content=\"index, follow, max-snippet:-1, max-image-preview:large, max-video-preview:-1\" \/>\n<link rel=\"canonical\" href=\"https:\/\/www.leaf.ca\/fr\/news\/leaf-faej-actualise-son-mandat-pour-refleter-une-vision-contemporaine-et-inclusive-de-legalite-des-genres\/\" \/>\n<meta property=\"og:locale\" content=\"fr_FR\" \/>\n<meta property=\"og:type\" content=\"article\" \/>\n<meta property=\"og:title\" content=\"LEAF-FAEJ actualise son mandat pour refl\u00e9ter une vision contemporaine et inclusive de l&#039;\u00e9galit\u00e9 des genres - LEAF\" \/>\n<meta property=\"og:description\" content=\"le 3 mai 2022 Lettre de notre directrice ex\u00e9cutive et du conseil d\u2019administration&nbsp;: Une mise \u00e0 jour inclusive des genres pour le mandat du FAEJ Aux supporteurs, partenaires et amis du FAEJ, Nous sommes tr\u00e8s heureuses de communiquer la nouvelle que nous avons officiellement mis notre mandat \u00e0 jour pour qu\u2019il soit plus inclusif des [&hellip;]\" \/>\n<meta property=\"og:url\" content=\"https:\/\/www.leaf.ca\/fr\/news\/leaf-faej-actualise-son-mandat-pour-refleter-une-vision-contemporaine-et-inclusive-de-legalite-des-genres\/\" \/>\n<meta property=\"og:site_name\" content=\"LEAF\" \/>\n<meta property=\"article:modified_time\" content=\"2022-06-01T20:27:39+00:00\" \/>\n<meta name=\"twitter:card\" content=\"summary_large_image\" \/>\n<meta name=\"twitter:label1\" content=\"Dur\u00e9e de lecture estim\u00e9e\" \/>\n\t<meta name=\"twitter:data1\" content=\"3 minutes\" \/>\n<script type=\"application\/ld+json\" class=\"yoast-schema-graph\">{\"@context\":\"https:\\\/\\\/schema.org\",\"@graph\":[{\"@type\":\"WebPage\",\"@id\":\"https:\\\/\\\/www.leaf.ca\\\/fr\\\/news\\\/leaf-faej-actualise-son-mandat-pour-refleter-une-vision-contemporaine-et-inclusive-de-legalite-des-genres\\\/\",\"url\":\"https:\\\/\\\/www.leaf.ca\\\/fr\\\/news\\\/leaf-faej-actualise-son-mandat-pour-refleter-une-vision-contemporaine-et-inclusive-de-legalite-des-genres\\\/\",\"name\":\"LEAF-FAEJ actualise son mandat pour refl\u00e9ter une vision contemporaine et inclusive de l'\u00e9galit\u00e9 des genres - LEAF\",\"isPartOf\":{\"@id\":\"https:\\\/\\\/www.leaf.ca\\\/fr\\\/#website\"},\"datePublished\":\"2022-06-01T20:17:02+00:00\",\"dateModified\":\"2022-06-01T20:27:39+00:00\",\"breadcrumb\":{\"@id\":\"https:\\\/\\\/www.leaf.ca\\\/fr\\\/news\\\/leaf-faej-actualise-son-mandat-pour-refleter-une-vision-contemporaine-et-inclusive-de-legalite-des-genres\\\/#breadcrumb\"},\"inLanguage\":\"fr-FR\",\"potentialAction\":[{\"@type\":\"ReadAction\",\"target\":[\"https:\\\/\\\/www.leaf.ca\\\/fr\\\/news\\\/leaf-faej-actualise-son-mandat-pour-refleter-une-vision-contemporaine-et-inclusive-de-legalite-des-genres\\\/\"]}]},{\"@type\":\"BreadcrumbList\",\"@id\":\"https:\\\/\\\/www.leaf.ca\\\/fr\\\/news\\\/leaf-faej-actualise-son-mandat-pour-refleter-une-vision-contemporaine-et-inclusive-de-legalite-des-genres\\\/#breadcrumb\",\"itemListElement\":[{\"@type\":\"ListItem\",\"position\":1,\"name\":\"Home\",\"item\":\"https:\\\/\\\/www.leaf.ca\\\/fr\\\/\"},{\"@type\":\"ListItem\",\"position\":2,\"name\":\"News\",\"item\":\"https:\\\/\\\/www.leaf.ca\\\/fr\\\/news\\\/\"},{\"@type\":\"ListItem\",\"position\":3,\"name\":\"LEAF-FAEJ actualise son mandat pour refl\u00e9ter une vision contemporaine et inclusive de l&#8217;\u00e9galit\u00e9 des genres\"}]},{\"@type\":\"WebSite\",\"@id\":\"https:\\\/\\\/www.leaf.ca\\\/fr\\\/#website\",\"url\":\"https:\\\/\\\/www.leaf.ca\\\/fr\\\/\",\"name\":\"LEAF\",\"description\":\"Women&#039;s Legal Education and Action Fund\",\"publisher\":{\"@id\":\"https:\\\/\\\/www.leaf.ca\\\/fr\\\/#organization\"},\"potentialAction\":[{\"@type\":\"SearchAction\",\"target\":{\"@type\":\"EntryPoint\",\"urlTemplate\":\"https:\\\/\\\/www.leaf.ca\\\/fr\\\/?s={search_term_string}\"},\"query-input\":{\"@type\":\"PropertyValueSpecification\",\"valueRequired\":true,\"valueName\":\"search_term_string\"}}],\"inLanguage\":\"fr-FR\"},{\"@type\":\"Organization\",\"@id\":\"https:\\\/\\\/www.leaf.ca\\\/fr\\\/#organization\",\"name\":\"LEAF\",\"url\":\"https:\\\/\\\/www.leaf.ca\\\/fr\\\/\",\"logo\":{\"@type\":\"ImageObject\",\"inLanguage\":\"fr-FR\",\"@id\":\"https:\\\/\\\/www.leaf.ca\\\/fr\\\/#\\\/schema\\\/logo\\\/image\\\/\",\"url\":\"https:\\\/\\\/www.leaf.ca\\\/wp-content\\\/uploads\\\/2020\\\/09\\\/LEAF_FAEJ_hz_names_colour_rgb.svg\",\"contentUrl\":\"https:\\\/\\\/www.leaf.ca\\\/wp-content\\\/uploads\\\/2020\\\/09\\\/LEAF_FAEJ_hz_names_colour_rgb.svg\",\"width\":612,\"height\":110,\"caption\":\"LEAF\"},\"image\":{\"@id\":\"https:\\\/\\\/www.leaf.ca\\\/fr\\\/#\\\/schema\\\/logo\\\/image\\\/\"}}]}<\/script>\n<!-- \/ Yoast SEO plugin. -->","yoast_head_json":{"title":"LEAF-FAEJ actualise son mandat pour refl\u00e9ter une vision contemporaine et inclusive de l'\u00e9galit\u00e9 des genres - LEAF","robots":{"index":"index","follow":"follow","max-snippet":"max-snippet:-1","max-image-preview":"max-image-preview:large","max-video-preview":"max-video-preview:-1"},"canonical":"https:\/\/www.leaf.ca\/fr\/news\/leaf-faej-actualise-son-mandat-pour-refleter-une-vision-contemporaine-et-inclusive-de-legalite-des-genres\/","og_locale":"fr_FR","og_type":"article","og_title":"LEAF-FAEJ actualise son mandat pour refl\u00e9ter une vision contemporaine et inclusive de l'\u00e9galit\u00e9 des genres - LEAF","og_description":"le 3 mai 2022 Lettre de notre directrice ex\u00e9cutive et du conseil d\u2019administration&nbsp;: Une mise \u00e0 jour inclusive des genres pour le mandat du FAEJ Aux supporteurs, partenaires et amis du FAEJ, Nous sommes tr\u00e8s heureuses de communiquer la nouvelle que nous avons officiellement mis notre mandat \u00e0 jour pour qu\u2019il soit plus inclusif des [&hellip;]","og_url":"https:\/\/www.leaf.ca\/fr\/news\/leaf-faej-actualise-son-mandat-pour-refleter-une-vision-contemporaine-et-inclusive-de-legalite-des-genres\/","og_site_name":"LEAF","article_modified_time":"2022-06-01T20:27:39+00:00","twitter_card":"summary_large_image","twitter_misc":{"Dur\u00e9e de lecture estim\u00e9e":"3 minutes"},"schema":{"@context":"https:\/\/schema.org","@graph":[{"@type":"WebPage","@id":"https:\/\/www.leaf.ca\/fr\/news\/leaf-faej-actualise-son-mandat-pour-refleter-une-vision-contemporaine-et-inclusive-de-legalite-des-genres\/","url":"https:\/\/www.leaf.ca\/fr\/news\/leaf-faej-actualise-son-mandat-pour-refleter-une-vision-contemporaine-et-inclusive-de-legalite-des-genres\/","name":"LEAF-FAEJ actualise son mandat pour refl\u00e9ter une vision contemporaine et inclusive de l'\u00e9galit\u00e9 des genres - LEAF","isPartOf":{"@id":"https:\/\/www.leaf.ca\/fr\/#website"},"datePublished":"2022-06-01T20:17:02+00:00","dateModified":"2022-06-01T20:27:39+00:00","breadcrumb":{"@id":"https:\/\/www.leaf.ca\/fr\/news\/leaf-faej-actualise-son-mandat-pour-refleter-une-vision-contemporaine-et-inclusive-de-legalite-des-genres\/#breadcrumb"},"inLanguage":"fr-FR","potentialAction":[{"@type":"ReadAction","target":["https:\/\/www.leaf.ca\/fr\/news\/leaf-faej-actualise-son-mandat-pour-refleter-une-vision-contemporaine-et-inclusive-de-legalite-des-genres\/"]}]},{"@type":"BreadcrumbList","@id":"https:\/\/www.leaf.ca\/fr\/news\/leaf-faej-actualise-son-mandat-pour-refleter-une-vision-contemporaine-et-inclusive-de-legalite-des-genres\/#breadcrumb","itemListElement":[{"@type":"ListItem","position":1,"name":"Home","item":"https:\/\/www.leaf.ca\/fr\/"},{"@type":"ListItem","position":2,"name":"News","item":"https:\/\/www.leaf.ca\/fr\/news\/"},{"@type":"ListItem","position":3,"name":"LEAF-FAEJ actualise son mandat pour refl\u00e9ter une vision contemporaine et inclusive de l&#8217;\u00e9galit\u00e9 des genres"}]},{"@type":"WebSite","@id":"https:\/\/www.leaf.ca\/fr\/#website","url":"https:\/\/www.leaf.ca\/fr\/","name":"LEAF","description":"Women&#039;s Legal Education and Action Fund","publisher":{"@id":"https:\/\/www.leaf.ca\/fr\/#organization"},"potentialAction":[{"@type":"SearchAction","target":{"@type":"EntryPoint","urlTemplate":"https:\/\/www.leaf.ca\/fr\/?s={search_term_string}"},"query-input":{"@type":"PropertyValueSpecification","valueRequired":true,"valueName":"search_term_string"}}],"inLanguage":"fr-FR"},{"@type":"Organization","@id":"https:\/\/www.leaf.ca\/fr\/#organization","name":"LEAF","url":"https:\/\/www.leaf.ca\/fr\/","logo":{"@type":"ImageObject","inLanguage":"fr-FR","@id":"https:\/\/www.leaf.ca\/fr\/#\/schema\/logo\/image\/","url":"https:\/\/www.leaf.ca\/wp-content\/uploads\/2020\/09\/LEAF_FAEJ_hz_names_colour_rgb.svg","contentUrl":"https:\/\/www.leaf.ca\/wp-content\/uploads\/2020\/09\/LEAF_FAEJ_hz_names_colour_rgb.svg","width":612,"height":110,"caption":"LEAF"},"image":{"@id":"https:\/\/www.leaf.ca\/fr\/#\/schema\/logo\/image\/"}}]}},"_links":{"self":[{"href":"https:\/\/www.leaf.ca\/fr\/wp-json\/wp\/v2\/news\/22541","targetHints":{"allow":["GET"]}}],"collection":[{"href":"https:\/\/www.leaf.ca\/fr\/wp-json\/wp\/v2\/news"}],"about":[{"href":"https:\/\/www.leaf.ca\/fr\/wp-json\/wp\/v2\/types\/news"}],"wp:attachment":[{"href":"https:\/\/www.leaf.ca\/fr\/wp-json\/wp\/v2\/media?parent=22541"}],"wp:term":[{"taxonomy":"category","embeddable":true,"href":"https:\/\/www.leaf.ca\/fr\/wp-json\/wp\/v2\/categories?post=22541"},{"taxonomy":"post_tag","embeddable":true,"href":"https:\/\/www.leaf.ca\/fr\/wp-json\/wp\/v2\/tags?post=22541"}],"curies":[{"name":"wp","href":"https:\/\/api.w.org\/{rel}","templated":true}]}}