{"id":23827,"date":"2024-02-15T10:25:28","date_gmt":"2024-02-15T15:25:28","guid":{"rendered":"https:\/\/www.leaf.ca\/?post_type=news&#038;p=23827"},"modified":"2024-02-29T15:36:29","modified_gmt":"2024-02-29T20:36:29","slug":"la-soiree-pour-legalite-2024","status":"publish","type":"news","link":"https:\/\/www.leaf.ca\/fr\/news\/la-soiree-pour-legalite-2024\/","title":{"rendered":"La soir\u00e9e pour l\u2019\u00e9galit\u00e9 2024"},"content":{"rendered":"\n<p>Venez passer une soir\u00e9e avec nous le <strong>17 avril 2024<\/strong> \u00e0 la salle de bal Crystal de l\u2019<strong>Omni King Edward Hotel <\/strong>pour souligner la Journ\u00e9e de l\u2019\u00e9galit\u00e9 avec le FAEJ!&nbsp;&nbsp;<\/p>\n\n\n\n<p>La r\u00e9ception du FAEJ pour la Journ\u00e9e de l\u2019\u00e9galit\u00e9 constitue notre plus grand et plus important \u00e9v\u00e9nement de l\u2019ann\u00e9e \u2013 et les fonds collect\u00e9s soutiennent directement notre travail pour faire avancer les droits \u00e0 l\u2019\u00e9galit\u00e9.<\/p>\n\n\n\n<p><a href=\"https:\/\/www.eventbrite.ca\/e\/an-evening-for-equality-tickets-820523416627\"><strong>Les billets sont maintenant en vente!<\/strong><\/a> Les places sont limit\u00e9es, alors procurez-vous vos billets d\u00e8s aujourd\u2019hui.<\/p>\n\n\n\n<div class=\"wp-block-buttons is-content-justification-center is-layout-flex wp-container-core-buttons-is-layout-a89b3969 wp-block-buttons-is-layout-flex\">\n<div class=\"wp-block-button is-style-fill\"><a class=\"wp-block-button__link has-white-color has-text-color has-background has-text-align-center wp-element-button\" href=\"https:\/\/www.eventbrite.ca\/e\/an-evening-for-equality-tickets-820523416627\" style=\"background-color:#004952\"><strong>ACHETEZ VOS BILLETS D\u00c8S AUJOURD&rsquo;HUI<\/strong><\/a><\/div>\n<\/div>\n\n\n\n<hr class=\"wp-block-separator has-alpha-channel-opacity\"\/>\n\n\n\n<h2 class=\"wp-block-heading\">POURQUOI C\u00c9L\u00c9BRER LA JOURN\u00c9E DE L&rsquo;\u00c9GALIT\u00c9<\/h2>\n\n\n\n<p>Cette ann\u00e9e, La soir\u00e9e pour l&rsquo;\u00e9galit\u00e9 tombe pile le 17 avril, \u00e9galement connu sous le nom de Journ\u00e9e de l&rsquo;\u00e9galit\u00e9.&nbsp;<\/p>\n\n\n\n<p>Le 17 avril 1985, l\u2019article 15 de la\u202f<em>Charte canadienne des droits et libert\u00e9s <\/em>est entr\u00e9 en vigueur, garantissant l\u2019\u00e9galit\u00e9 dans la formulation et l\u2019application de la loi. Le FAEJ a \u00e9t\u00e9 cr\u00e9\u00e9 le m\u00eame jour en amor\u00e7ant pas moins de trois contestations judiciaires pour lutter contre des lois discriminatoires.&nbsp;&nbsp;<\/p>\n\n\n\n<p>Au cours des 39 derni\u00e8res ann\u00e9es, nous avons d\u00e9fendu le droit \u00e0 l\u2019\u00e9galit\u00e9 dans plus de 130 affaires. <strong>C\u2019est une journ\u00e9e qui nous tient \u00e0 c\u0153ur et nous aimerions beaucoup la c\u00e9l\u00e9brer en votre compagnie.&nbsp;<\/strong>&nbsp;<\/p>\n\n\n\n<hr class=\"wp-block-separator has-alpha-channel-opacity\"\/>\n\n\n\n<h2 class=\"wp-block-heading\"><strong>\u00c0 propos de La soir\u00e9e pour l\u2019\u00e9galit\u00e9<\/strong><\/h2>\n\n\n\n<p>Le&nbsp;<strong>17 avril 2024<\/strong>, nous accueillerons \u00e0 cette r\u00e9ception des centaines de sympathisant\u00b7e\u00b7s du FAEJ \u00e0 la salle de bal Crystal de l\u2019<strong>Omni King Edward Hotel<\/strong>.<\/p>\n\n\n\n<p>La soir\u00e9e pour l\u2019\u00e9galit\u00e9 de cette ann\u00e9e se d\u00e9roulera sous forme de r\u00e9ception avec cocktails, mocktails, musique et hors-d\u2019\u0153uvre, et aussi avec une bonne dose d\u2019humour f\u00e9ministe gr\u00e2ce \u00e0 l\u2019animatrice <strong>Allana Harkin<\/strong>!&nbsp;<\/p>\n\n\n\n<div class=\"wp-block-buttons is-content-justification-center is-layout-flex wp-container-core-buttons-is-layout-a89b3969 wp-block-buttons-is-layout-flex\">\n<div class=\"wp-block-button\"><a class=\"wp-block-button__link has-white-color has-text-color has-background wp-element-button\" href=\"https:\/\/www.eventbrite.ca\/e\/an-evening-for-equality-tickets-820523416627\" style=\"background-color:#004952\"><strong><mark style=\"background-color:rgba(0, 0, 0, 0)\" class=\"has-inline-color has-white-color\"> BILLETS EN VENTE MAINTENANT<\/mark><\/strong><\/a><\/div>\n<\/div>\n\n\n\n<hr class=\"wp-block-separator has-alpha-channel-opacity\"\/>\n\n\n\n<div class=\"wp-block-columns is-layout-flex wp-container-core-columns-is-layout-28f84493 wp-block-columns-is-layout-flex\">\n<div class=\"wp-block-column is-vertically-aligned-top is-layout-flow wp-block-column-is-layout-flow\" style=\"flex-basis:100%\">\n<div class=\"wp-block-columns is-layout-flex wp-container-core-columns-is-layout-28f84493 wp-block-columns-is-layout-flex\">\n<div class=\"wp-block-column is-layout-flow wp-block-column-is-layout-flow\" style=\"flex-basis:100%\">\n<div class=\"wp-block-columns is-layout-flex wp-container-core-columns-is-layout-28f84493 wp-block-columns-is-layout-flex\">\n<div class=\"wp-block-column is-layout-flow wp-block-column-is-layout-flow\" style=\"flex-basis:33.33%\">\n<figure class=\"wp-block-image alignright size-full is-resized\"><img decoding=\"async\" src=\"https:\/\/www.leaf.ca\/wp-content\/uploads\/2024\/02\/Allana-Harkin.png\" alt=\"\" class=\"wp-image-23821\" width=\"216\" height=\"216\" srcset=\"https:\/\/www.leaf.ca\/wp-content\/uploads\/2024\/02\/Allana-Harkin.png 725w, https:\/\/www.leaf.ca\/wp-content\/uploads\/2024\/02\/Allana-Harkin-620x620.png 620w, https:\/\/www.leaf.ca\/wp-content\/uploads\/2024\/02\/Allana-Harkin-135x135.png 135w\" sizes=\"(max-width: 216px) 100vw, 216px\" \/><\/figure>\n<\/div>\n\n\n\n<div class=\"wp-block-column is-layout-flow wp-block-column-is-layout-flow\" style=\"flex-basis:66.66%\">\n<p><strong>\u00c0 propos d\u2019Allana :<\/strong> Productrice d\u00e9l\u00e9gu\u00e9e, r\u00e9alisatrice, auteure et com\u00e9dienne, Allana Harkin a \u00e9t\u00e9 en nomination dix fois au gala des prix Emmy. Laur\u00e9ate d\u2019un Emmy pour son r\u00f4le dans l\u2019\u00e9mission de fin de soir\u00e9e <em>Full Frontal with Samantha Bee<\/em>, dont les sept saisons ont \u00e9t\u00e9 diffus\u00e9es sur TBS, elle \u00e9tait la premi\u00e8re correspondante en ondes de l\u2019\u00e9mission et a interview\u00e9 des centaines de personnes \u00e0 travers le pays. Elle a commenc\u00e9 sa carri\u00e8re en tant que membre fondatrice de The Atomic Fireballs, une troupe d\u2019humour prim\u00e9e de Toronto mise en nomination aux Canadian Comedy Awards. En plus d\u2019avoir jou\u00e9 dans plusieurs films et s\u00e9ries t\u00e9l\u00e9vis\u00e9es, elle a anim\u00e9 des dizaines d\u2019\u00e9v\u00e9nements en direct. Plus r\u00e9cemment, elle a travaill\u00e9 \u00e0 titre de r\u00e9alisatrice sur la s\u00e9rie t\u00e9l\u00e9 <em>Nesting<\/em>, diffus\u00e9e sur Crave.&nbsp;&nbsp;<\/p>\n<\/div>\n<\/div>\n<\/div>\n<\/div>\n<\/div>\n<\/div>\n\n\n\n<hr class=\"wp-block-separator has-alpha-channel-opacity\"\/>\n\n\n\n<p><strong>Parrainez un billet!<\/strong>&nbsp;Nombre de sympathisant\u00b7e\u00b7s et partenaires du FAEJ pourraient \u00eatre aux prises avec des obstacles financiers pour assister \u00e0 la r\u00e9ception. Si vous souhaitez acheter un billet pour quelqu\u2019un d\u2019autre et rendre la c\u00e9l\u00e9bration financi\u00e8rement accessible \u00e0 cette personne, veuillez communiquer par courriel avec Tracy \u00e0&nbsp;<a href=\"mailto:t.au@leaf.ca\">t.au@leaf.ca<\/a>.<\/p>\n\n\n\n<p><em>Veuillez noter que le FAEJ ne donnera pas de re\u00e7u fiscal pour les billets achet\u00e9s pour cet \u00e9v\u00e9nement.<\/em><\/p>\n\n\n\n<hr class=\"wp-block-separator has-alpha-channel-opacity\"\/>\n\n\n\n<h2 class=\"wp-block-heading\"><strong>MERCI \u00c0 NOS COMMANDITAIRES DE LA JOURN\u00c9E DE L\u2019\u00c9GALIT\u00c9 DE 2024<\/strong><\/h2>\n\n\n\n<p><strong><strong>Commanditaires supr\u00eames:<\/strong>\u00a0<\/strong><a href=\"https:\/\/www.delaneycapital.com\/\" target=\"_blank\" rel=\"noreferrer noopener\">Delaney Capital Management Ltd.<\/a>\u00a0<\/p>\n\n\n\n<p><strong><strong>Commanditaires justice<\/strong>:<\/strong>&nbsp;<a href=\"https:\/\/cupe.ca\/\" target=\"_blank\" rel=\"noreferrer noopener\">CUPE National<\/a>, <a href=\"https:\/\/www.etfo.ca\/\" target=\"_blank\" rel=\"noreferrer noopener\">Elementary Teachers&rsquo; Federation of Ontario<\/a>&nbsp;&nbsp;<\/p>\n\n\n\n<p><strong><strong>Commanditaires partenaires<\/strong>:<\/strong> <a href=\"https:\/\/amapceo.on.ca\/\" target=\"_blank\" rel=\"noreferrer noopener\">AMAPCEO<\/a>, <a href=\"https:\/\/www.bmo.com\/en-ca\/main\/personal\" target=\"_blank\" rel=\"noreferrer noopener\">BMO<\/a>, <a href=\"https:\/\/www.blg.com\/en\" target=\"_blank\" rel=\"noreferrer noopener\">Borden Ladner Gervais LLP<\/a>, <a href=\"https:\/\/kmlaw.ca\/\" target=\"_blank\" rel=\"noreferrer noopener\">Koskie Minsky LLP<\/a>, <a href=\"https:\/\/pipsc.ca\/\" target=\"_blank\" rel=\"noreferrer noopener\">PIPSC<\/a>, <a href=\"https:\/\/www.ona.org\/\" target=\"_blank\" rel=\"noreferrer noopener\">Ontario Nurses&rsquo; Association<\/a>&nbsp;&nbsp;<\/p>\n\n\n\n<p><strong><strong>Commanditaires&nbsp;<strong>d\u00e9fenseurs<\/strong><\/strong>:&nbsp;<\/strong><a href=\"https:\/\/www.dentons.com\/en\" target=\"_blank\" rel=\"noreferrer noopener\">Dentons<\/a>, <a href=\"https:\/\/dgllp.ca\/\" target=\"_blank\" rel=\"noreferrer noopener\">Dewart Gleason<\/a>, <a href=\"https:\/\/www.durantbarristers.com\/\" target=\"_blank\" rel=\"noreferrer noopener\">Durant Barristers<\/a>, <a href=\"https:\/\/www.osstf.on.ca\/\" target=\"_blank\" rel=\"noreferrer noopener\">Ontario Secondary School Teachers&rsquo; Federation<\/a>, <a href=\"https:\/\/stockwoods.ca\/\" target=\"_blank\" rel=\"noreferrer noopener\">Stockwoods<\/a>&nbsp;&nbsp;<\/p>\n\n\n\n<p><strong><strong>Commanditaires associ\u00e9s<\/strong>:<\/strong>\u00a0<a href=\"https:\/\/www.agbllp.com\/\" target=\"_blank\" rel=\"noreferrer noopener\">Adair Goldblatt Bieber<\/a>, <a href=\"https:\/\/www.cavalluzzo.com\/\" target=\"_blank\" rel=\"noreferrer noopener\">Cavalluzzo<\/a>, <a href=\"https:\/\/www.dwpv.com\/en\" target=\"_blank\" rel=\"noreferrer noopener\">Davies Ward Phillips &amp; Vineberg<\/a>, <a href=\"https:\/\/goldblattpartners.com\/\" target=\"_blank\" rel=\"noreferrer noopener\">Goldblatt Partners LLP<\/a>, <a href=\"https:\/\/www.kastnerko.com\/\" target=\"_blank\" rel=\"noreferrer noopener\">Kastner Ko LLP<\/a>, <a href=\"https:\/\/www.lolg.ca\/\" target=\"_blank\" rel=\"noreferrer noopener\">Lax O&rsquo;Sullivan Lisus Gottlieb LLP<\/a>, <a href=\"https:\/\/www.lerners.ca\/\" target=\"_blank\" rel=\"noreferrer noopener\">Lerners LLP<\/a>, <a href=\"https:\/\/www.nortonrosefulbright.com\/en-ca\" target=\"_blank\" rel=\"noreferrer noopener\">Norton Rose Fulbright<\/a>, <a href=\"https:\/\/www.catholicteachers.ca\/\" target=\"_blank\" rel=\"noreferrer noopener\">Ontario English Catholic Teachers&rsquo; Association<\/a>, <a href=\"https:\/\/paliareroland.com\/\" target=\"_blank\" rel=\"noreferrer noopener\">Paliare Roland Rosenberg Rothstein LLP<\/a>, <a href=\"https:\/\/www.rosensunshine.com\/\" target=\"_blank\" rel=\"noreferrer noopener\">Rosen Sunshine<\/a>, <a href=\"https:\/\/sml-law.com\/\" target=\"_blank\" rel=\"noreferrer noopener\">Steinecke Maciura LeBlanc<\/a>, <a href=\"https:\/\/lso.ca\/home\" target=\"_blank\" rel=\"noreferrer noopener\">The Law Society of Ontario<\/a>, <a href=\"https:\/\/www.tgf.ca\/home\" target=\"_blank\" rel=\"noreferrer noopener\">Thornton Grout Finnigan LLP<\/a>, <a href=\"https:\/\/www.weirfoulds.com\/\" target=\"_blank\" rel=\"noreferrer noopener\">WeirFoulds LLP<\/a>, <a href=\"https:\/\/www.mccarthy.ca\/en\" target=\"_blank\" rel=\"noreferrer noopener\">McCarthy T\u00e9trault LLP<\/a>\u00a0\u00a0<\/p>\n","protected":false},"featured_media":0,"template":"","meta":{"_acf_changed":false},"categories":[],"tags":[],"class_list":["post-23827","news","type-news","status-publish","hentry"],"acf":[],"yoast_head":"<!-- This site is optimized with the Yoast SEO plugin v27.4 - https:\/\/yoast.com\/product\/yoast-seo-wordpress\/ -->\n<title>La soir\u00e9e pour l\u2019\u00e9galit\u00e9 2024 - LEAF<\/title>\n<meta name=\"robots\" content=\"index, follow, max-snippet:-1, max-image-preview:large, max-video-preview:-1\" \/>\n<link rel=\"canonical\" href=\"https:\/\/www.leaf.ca\/fr\/news\/la-soiree-pour-legalite-2024\/\" \/>\n<meta property=\"og:locale\" content=\"fr_FR\" \/>\n<meta property=\"og:type\" content=\"article\" \/>\n<meta property=\"og:title\" content=\"La soir\u00e9e pour l&#039;\u00e9galit\u00e9 2024\" \/>\n<meta property=\"og:description\" content=\"Venez c\u00e9l\u00e9brer une autre ann\u00e9e pass\u00e9e \u00e0 d\u00e9fendre l\u2019\u00e9galit\u00e9 des genres\" \/>\n<meta property=\"og:url\" content=\"https:\/\/www.leaf.ca\/fr\/news\/la-soiree-pour-legalite-2024\/\" \/>\n<meta property=\"og:site_name\" content=\"LEAF\" \/>\n<meta property=\"article:modified_time\" content=\"2024-02-29T20:36:29+00:00\" \/>\n<meta property=\"og:image\" content=\"https:\/\/www.leaf.ca\/wp-content\/uploads\/2024\/02\/Evening-for-Equality-2024-FR-1.png\" \/>\n\t<meta property=\"og:image:width\" content=\"2160\" \/>\n\t<meta property=\"og:image:height\" content=\"1080\" \/>\n\t<meta property=\"og:image:type\" content=\"image\/png\" \/>\n<meta name=\"twitter:card\" content=\"summary_large_image\" \/>\n<meta name=\"twitter:title\" content=\"La soir\u00e9e pour l&#039;\u00e9galit\u00e9\" \/>\n<meta name=\"twitter:description\" content=\"Venez c\u00e9l\u00e9brer une autre ann\u00e9e pass\u00e9e \u00e0 d\u00e9fendre l\u2019\u00e9galit\u00e9 des genres\" \/>\n<meta name=\"twitter:image\" content=\"https:\/\/www.leaf.ca\/wp-content\/uploads\/2024\/02\/Evening-for-Equality-2024-FR-1.png\" \/>\n<meta name=\"twitter:label1\" content=\"Dur\u00e9e de lecture estim\u00e9e\" \/>\n\t<meta name=\"twitter:data1\" content=\"3 minutes\" \/>\n<script type=\"application\/ld+json\" class=\"yoast-schema-graph\">{\"@context\":\"https:\\\/\\\/schema.org\",\"@graph\":[{\"@type\":\"WebPage\",\"@id\":\"https:\\\/\\\/www.leaf.ca\\\/fr\\\/news\\\/la-soiree-pour-legalite-2024\\\/\",\"url\":\"https:\\\/\\\/www.leaf.ca\\\/fr\\\/news\\\/la-soiree-pour-legalite-2024\\\/\",\"name\":\"La soir\u00e9e pour l\u2019\u00e9galit\u00e9 2024 - LEAF\",\"isPartOf\":{\"@id\":\"https:\\\/\\\/www.leaf.ca\\\/fr\\\/#website\"},\"primaryImageOfPage\":{\"@id\":\"https:\\\/\\\/www.leaf.ca\\\/fr\\\/news\\\/la-soiree-pour-legalite-2024\\\/#primaryimage\"},\"image\":{\"@id\":\"https:\\\/\\\/www.leaf.ca\\\/fr\\\/news\\\/la-soiree-pour-legalite-2024\\\/#primaryimage\"},\"thumbnailUrl\":\"https:\\\/\\\/www.leaf.ca\\\/wp-content\\\/uploads\\\/2024\\\/02\\\/Allana-Harkin.png\",\"datePublished\":\"2024-02-15T15:25:28+00:00\",\"dateModified\":\"2024-02-29T20:36:29+00:00\",\"breadcrumb\":{\"@id\":\"https:\\\/\\\/www.leaf.ca\\\/fr\\\/news\\\/la-soiree-pour-legalite-2024\\\/#breadcrumb\"},\"inLanguage\":\"fr-FR\",\"potentialAction\":[{\"@type\":\"ReadAction\",\"target\":[\"https:\\\/\\\/www.leaf.ca\\\/fr\\\/news\\\/la-soiree-pour-legalite-2024\\\/\"]}]},{\"@type\":\"ImageObject\",\"inLanguage\":\"fr-FR\",\"@id\":\"https:\\\/\\\/www.leaf.ca\\\/fr\\\/news\\\/la-soiree-pour-legalite-2024\\\/#primaryimage\",\"url\":\"https:\\\/\\\/www.leaf.ca\\\/wp-content\\\/uploads\\\/2024\\\/02\\\/Allana-Harkin.png\",\"contentUrl\":\"https:\\\/\\\/www.leaf.ca\\\/wp-content\\\/uploads\\\/2024\\\/02\\\/Allana-Harkin.png\"},{\"@type\":\"BreadcrumbList\",\"@id\":\"https:\\\/\\\/www.leaf.ca\\\/fr\\\/news\\\/la-soiree-pour-legalite-2024\\\/#breadcrumb\",\"itemListElement\":[{\"@type\":\"ListItem\",\"position\":1,\"name\":\"Home\",\"item\":\"https:\\\/\\\/www.leaf.ca\\\/fr\\\/\"},{\"@type\":\"ListItem\",\"position\":2,\"name\":\"News\",\"item\":\"https:\\\/\\\/www.leaf.ca\\\/fr\\\/news\\\/\"},{\"@type\":\"ListItem\",\"position\":3,\"name\":\"La soir\u00e9e pour l\u2019\u00e9galit\u00e9 2024\"}]},{\"@type\":\"WebSite\",\"@id\":\"https:\\\/\\\/www.leaf.ca\\\/fr\\\/#website\",\"url\":\"https:\\\/\\\/www.leaf.ca\\\/fr\\\/\",\"name\":\"LEAF\",\"description\":\"Women&#039;s Legal Education and Action Fund\",\"publisher\":{\"@id\":\"https:\\\/\\\/www.leaf.ca\\\/fr\\\/#organization\"},\"potentialAction\":[{\"@type\":\"SearchAction\",\"target\":{\"@type\":\"EntryPoint\",\"urlTemplate\":\"https:\\\/\\\/www.leaf.ca\\\/fr\\\/?s={search_term_string}\"},\"query-input\":{\"@type\":\"PropertyValueSpecification\",\"valueRequired\":true,\"valueName\":\"search_term_string\"}}],\"inLanguage\":\"fr-FR\"},{\"@type\":\"Organization\",\"@id\":\"https:\\\/\\\/www.leaf.ca\\\/fr\\\/#organization\",\"name\":\"LEAF\",\"url\":\"https:\\\/\\\/www.leaf.ca\\\/fr\\\/\",\"logo\":{\"@type\":\"ImageObject\",\"inLanguage\":\"fr-FR\",\"@id\":\"https:\\\/\\\/www.leaf.ca\\\/fr\\\/#\\\/schema\\\/logo\\\/image\\\/\",\"url\":\"https:\\\/\\\/www.leaf.ca\\\/wp-content\\\/uploads\\\/2020\\\/09\\\/LEAF_FAEJ_hz_names_colour_rgb.svg\",\"contentUrl\":\"https:\\\/\\\/www.leaf.ca\\\/wp-content\\\/uploads\\\/2020\\\/09\\\/LEAF_FAEJ_hz_names_colour_rgb.svg\",\"width\":612,\"height\":110,\"caption\":\"LEAF\"},\"image\":{\"@id\":\"https:\\\/\\\/www.leaf.ca\\\/fr\\\/#\\\/schema\\\/logo\\\/image\\\/\"}}]}<\/script>\n<!-- \/ Yoast SEO plugin. -->","yoast_head_json":{"title":"La soir\u00e9e pour l\u2019\u00e9galit\u00e9 2024 - LEAF","robots":{"index":"index","follow":"follow","max-snippet":"max-snippet:-1","max-image-preview":"max-image-preview:large","max-video-preview":"max-video-preview:-1"},"canonical":"https:\/\/www.leaf.ca\/fr\/news\/la-soiree-pour-legalite-2024\/","og_locale":"fr_FR","og_type":"article","og_title":"La soir\u00e9e pour l'\u00e9galit\u00e9 2024","og_description":"Venez c\u00e9l\u00e9brer une autre ann\u00e9e pass\u00e9e \u00e0 d\u00e9fendre l\u2019\u00e9galit\u00e9 des genres","og_url":"https:\/\/www.leaf.ca\/fr\/news\/la-soiree-pour-legalite-2024\/","og_site_name":"LEAF","article_modified_time":"2024-02-29T20:36:29+00:00","og_image":[{"width":2160,"height":1080,"url":"https:\/\/www.leaf.ca\/wp-content\/uploads\/2024\/02\/Evening-for-Equality-2024-FR-1.png","type":"image\/png"}],"twitter_card":"summary_large_image","twitter_title":"La soir\u00e9e pour l'\u00e9galit\u00e9","twitter_description":"Venez c\u00e9l\u00e9brer une autre ann\u00e9e pass\u00e9e \u00e0 d\u00e9fendre l\u2019\u00e9galit\u00e9 des genres","twitter_image":"https:\/\/www.leaf.ca\/wp-content\/uploads\/2024\/02\/Evening-for-Equality-2024-FR-1.png","twitter_misc":{"Dur\u00e9e de lecture estim\u00e9e":"3 minutes"},"schema":{"@context":"https:\/\/schema.org","@graph":[{"@type":"WebPage","@id":"https:\/\/www.leaf.ca\/fr\/news\/la-soiree-pour-legalite-2024\/","url":"https:\/\/www.leaf.ca\/fr\/news\/la-soiree-pour-legalite-2024\/","name":"La soir\u00e9e pour l\u2019\u00e9galit\u00e9 2024 - LEAF","isPartOf":{"@id":"https:\/\/www.leaf.ca\/fr\/#website"},"primaryImageOfPage":{"@id":"https:\/\/www.leaf.ca\/fr\/news\/la-soiree-pour-legalite-2024\/#primaryimage"},"image":{"@id":"https:\/\/www.leaf.ca\/fr\/news\/la-soiree-pour-legalite-2024\/#primaryimage"},"thumbnailUrl":"https:\/\/www.leaf.ca\/wp-content\/uploads\/2024\/02\/Allana-Harkin.png","datePublished":"2024-02-15T15:25:28+00:00","dateModified":"2024-02-29T20:36:29+00:00","breadcrumb":{"@id":"https:\/\/www.leaf.ca\/fr\/news\/la-soiree-pour-legalite-2024\/#breadcrumb"},"inLanguage":"fr-FR","potentialAction":[{"@type":"ReadAction","target":["https:\/\/www.leaf.ca\/fr\/news\/la-soiree-pour-legalite-2024\/"]}]},{"@type":"ImageObject","inLanguage":"fr-FR","@id":"https:\/\/www.leaf.ca\/fr\/news\/la-soiree-pour-legalite-2024\/#primaryimage","url":"https:\/\/www.leaf.ca\/wp-content\/uploads\/2024\/02\/Allana-Harkin.png","contentUrl":"https:\/\/www.leaf.ca\/wp-content\/uploads\/2024\/02\/Allana-Harkin.png"},{"@type":"BreadcrumbList","@id":"https:\/\/www.leaf.ca\/fr\/news\/la-soiree-pour-legalite-2024\/#breadcrumb","itemListElement":[{"@type":"ListItem","position":1,"name":"Home","item":"https:\/\/www.leaf.ca\/fr\/"},{"@type":"ListItem","position":2,"name":"News","item":"https:\/\/www.leaf.ca\/fr\/news\/"},{"@type":"ListItem","position":3,"name":"La soir\u00e9e pour l\u2019\u00e9galit\u00e9 2024"}]},{"@type":"WebSite","@id":"https:\/\/www.leaf.ca\/fr\/#website","url":"https:\/\/www.leaf.ca\/fr\/","name":"LEAF","description":"Women&#039;s Legal Education and Action Fund","publisher":{"@id":"https:\/\/www.leaf.ca\/fr\/#organization"},"potentialAction":[{"@type":"SearchAction","target":{"@type":"EntryPoint","urlTemplate":"https:\/\/www.leaf.ca\/fr\/?s={search_term_string}"},"query-input":{"@type":"PropertyValueSpecification","valueRequired":true,"valueName":"search_term_string"}}],"inLanguage":"fr-FR"},{"@type":"Organization","@id":"https:\/\/www.leaf.ca\/fr\/#organization","name":"LEAF","url":"https:\/\/www.leaf.ca\/fr\/","logo":{"@type":"ImageObject","inLanguage":"fr-FR","@id":"https:\/\/www.leaf.ca\/fr\/#\/schema\/logo\/image\/","url":"https:\/\/www.leaf.ca\/wp-content\/uploads\/2020\/09\/LEAF_FAEJ_hz_names_colour_rgb.svg","contentUrl":"https:\/\/www.leaf.ca\/wp-content\/uploads\/2020\/09\/LEAF_FAEJ_hz_names_colour_rgb.svg","width":612,"height":110,"caption":"LEAF"},"image":{"@id":"https:\/\/www.leaf.ca\/fr\/#\/schema\/logo\/image\/"}}]}},"_links":{"self":[{"href":"https:\/\/www.leaf.ca\/fr\/wp-json\/wp\/v2\/news\/23827","targetHints":{"allow":["GET"]}}],"collection":[{"href":"https:\/\/www.leaf.ca\/fr\/wp-json\/wp\/v2\/news"}],"about":[{"href":"https:\/\/www.leaf.ca\/fr\/wp-json\/wp\/v2\/types\/news"}],"wp:attachment":[{"href":"https:\/\/www.leaf.ca\/fr\/wp-json\/wp\/v2\/media?parent=23827"}],"wp:term":[{"taxonomy":"category","embeddable":true,"href":"https:\/\/www.leaf.ca\/fr\/wp-json\/wp\/v2\/categories?post=23827"},{"taxonomy":"post_tag","embeddable":true,"href":"https:\/\/www.leaf.ca\/fr\/wp-json\/wp\/v2\/tags?post=23827"}],"curies":[{"name":"wp","href":"https:\/\/api.w.org\/{rel}","templated":true}]}}