{"id":24688,"date":"2025-02-27T15:00:00","date_gmt":"2025-02-27T20:00:00","guid":{"rendered":"https:\/\/www.leaf.ca\/?post_type=news&#038;p=24688"},"modified":"2025-02-27T15:33:37","modified_gmt":"2025-02-27T20:33:37","slug":"transition-du-leadership-annonce-du-depart-de-la-directrice-executive-et-avocate-generale-du-faej","status":"publish","type":"news","link":"https:\/\/www.leaf.ca\/fr\/news\/transition-du-leadership-annonce-du-depart-de-la-directrice-executive-et-avocate-generale-du-faej\/","title":{"rendered":"Transition du leadership : Annonce du d\u00e9part de la directrice ex\u00e9cutive et avocate g\u00e9n\u00e9rale du FAEJ"},"content":{"rendered":"\n<h2 class=\"wp-block-heading\">Message de la pr\u00e9sidente du conseil d&rsquo;administration du FAEJ<\/h2>\n\n\n\n<p>Chers et ch\u00e8res sympathisant\u00b7e\u00b7s, partenaires et ami\u00b7e\u00b7s du FAEJ,<\/p>\n\n\n\n<p>Alors que le FAEJ s\u2019appr\u00eate \u00e0 c\u00e9l\u00e9brer ses 40&nbsp;ans de lutte pour la justice de genre, je vous \u00e9cris pour vous faire part de quelques changements importants au sein de notre direction.<\/p>\n\n\n\n<p><strong>C\u2019est avec une profonde reconnaissance (et plus qu\u2019un soup\u00e7on de chagrin) que nous annon\u00e7ons que notre directrice ex\u00e9cutive et avocate g\u00e9n\u00e9rale, Pam Hrick, nous quittera \u00e0 la fin du mois de juin 2025. <\/strong><\/p>\n\n\n\n<p>Pam a fait preuve d\u2019un extraordinaire leadership f\u00e9ministe intersectoriel durant ses plus de quatre ann\u00e9es au FAEJ, d\u00e9fendant sans rel\u00e2che les droits des femmes, des filles et des personnes trans et non binaires de partout au Canada. Au nom du conseil d\u2019administration, nos plus sinc\u00e8res remerciements \u00e0 Pam pour son d\u00e9vouement \u00e0 toute \u00e9preuve, sa vision, sa passion et ses contributions remarquables. Le FAEJ a eu une chance inou\u00efe de b\u00e9n\u00e9ficier de sa force, de son dynamisme et de sa compassion.<\/p>\n\n\n\n<p>Sous la direction de Pam, le FAEJ a prosp\u00e9r\u00e9 et accompli tant de choses. Nous ne nous sommes pas limit\u00e9\u00b7e\u00b7s \u00e0 nommer nos valeurs f\u00e9ministes intersectionnelles&nbsp;: nous les avons v\u00e9cues. <\/p>\n\n\n\n<p>Ensemble, nous avons adopt\u00e9 un mandat \u00e9largi d\u2019inclusion des genres. Nous avons d\u00e9velopp\u00e9 une position organisationnelle fond\u00e9e sur les preuves et sur les droits humains, quant \u00e0 la d\u00e9criminalisation du travail du sexe. Nous avons plaid\u00e9 avec passion pour davantage d\u2019options de justice r\u00e9paratrice et transformatrice pour les personnes survivantes d\u2019agressions sexuelles \u2013 et pour un acc\u00e8s significatif \u00e0 la justice reproductive \u00e0 travers le Canada. Nous avons lanc\u00e9 un appel pour que soit nomm\u00e9\u00b7e un\u00b7e commissaire canadien\u00b7ne \u00e0 la violence fond\u00e9e sur le genre afin de lutter plus efficacement contre ce fl\u00e9au \u00e9pid\u00e9mique. Nous avons consolid\u00e9 la r\u00e9putation et l\u2019expertise du FAEJ en tant que chef de file dans la lutte contre la violence fond\u00e9e sur le genre facilit\u00e9e par la technologie, par le biais de changements juridiques et sociaux. <\/p>\n\n\n\n<p>Nous avons revitalis\u00e9 le programme du FAEJ en mati\u00e8re d\u2019\u00e9ducation juridique du public, \u00e9labor\u00e9 d\u2019innombrables propositions de r\u00e9forme du droit provincial et f\u00e9d\u00e9ral, particip\u00e9 \u00e0 la Commission des pertes massives, et poursuivi le travail avant-gardiste d\u2019intervention du FAEJ \u00e0 travers le Canada, notamment dans d\u2019importantes affaires touchant la port\u00e9e des dispositions de la <em>Charte canadienne des droits et libert\u00e9s<\/em> relatives au droit \u00e0 l\u2019\u00e9galit\u00e9, la disposition de d\u00e9rogation de la <em>Charte<\/em> ainsi que les droits des jeunes transgenres et non binaires. <\/p>\n\n\n\n<p>Nous avons \u00e9tabli et rehauss\u00e9 des partenariats dans le secteur f\u00e9ministe et au-del\u00e0. Nous avons accueilli de nouvelles sections b\u00e9n\u00e9voles du FAEJ \u00e0 Calgary, Hamilton, Kitchener-Waterloo et Winnipeg ainsi qu\u2019en Saskatchewan et \u00e0 Terre-Neuve-et-Labrador. <\/p>\n\n\n\n<p>En outre, malgr\u00e9 les effets persistants de la pand\u00e9mie de COVID-19, nous avons consolid\u00e9 la culture du FAEJ en tant qu\u2019employeur f\u00e9ministe stable, avec des bases financi\u00e8res fondamentalement saines, une gouvernance renforc\u00e9e et des avantages et conditions de travail am\u00e9lior\u00e9s pour l\u2019\u00e9quipe du FAEJ.<\/p>\n\n\n\n<p>Gr\u00e2ce au leadership de Pam, le FAEJ est aujourd\u2019hui bien plus fort qu\u2019\u00e0 ses d\u00e9buts. Bref, Pam nous laisse en excellente position pour poursuivre notre travail en faveur de l\u2019\u00e9galit\u00e9 des genres \u2013 une cause plus urgente que jamais dans le climat social et politique actuel. Sur une note plus personnelle, je m\u2019estime tr\u00e8s privil\u00e9gi\u00e9e d\u2019avoir eu l\u2019occasion de collaborer avec elle dans le cadre de mes fonctions \u00e0 la vice-pr\u00e9sidence, puis \u00e0 la pr\u00e9sidence. La passion de Pam pour ce travail est tout simplement inspirante, et travailler \u00e0 ses c\u00f4t\u00e9s a \u00e9t\u00e9 l\u2019un des moments forts de ma vie professionnelle.<\/p>\n\n\n\n<p>Bien que son d\u00e9part nous attriste, nous sommes \u00e9galement enthousiastes \u00e0 l\u2019id\u00e9e d\u2019un nouveau chapitre \u00e0 la t\u00eate du FAEJ. Reconnaissant les exigences structurelles importantes impos\u00e9es \u00e0 un poste unique de direction ex\u00e9cutive et avocat\u00b7e g\u00e9n\u00e9ral\u00b7e, le conseil d\u2019administration du FAEJ a d\u00e9cid\u00e9 de r\u00e9tablir des postes distincts de directeur\u00b7trice g\u00e9n\u00e9ral\u00b7e et de directeur\u00b7trice juridique. Nous nous r\u00e9jouissons de la vision et de l\u2019\u00e9nergie que la nouvelle direction apportera \u00e0 ce travail crucial.<\/p>\n\n\n\n<p><strong>Aujourd\u2019hui, nous amor\u00e7ons <a href=\"https:\/\/www.leaf.ca\/fr\/news\/poste-directeur-trice-general-e\/\">notre recherche d\u2019une nouvelle directrice g\u00e9n\u00e9rale ou d\u2019un nouveau directeur g\u00e9n\u00e9ral du FAEJ<\/a>, <\/strong>qui sera mandat\u00e9\u00b7e de la gouverne strat\u00e9gique du travail et du leadership de l\u2019organisme en se concentrant sur la consolidation et le renforcement de tous les aspects des op\u00e9rations.  Nous aurons plus d\u2019informations \u00e0 partager sur le poste de directeur\u00b7trice juridique au cours des mois \u00e0 venir.<\/p>\n\n\n\n<p>\u00c0 une \u00e9poque o\u00f9 les droits des femmes, des filles et des personnes trans et non binaires sont de plus en plus menac\u00e9s, le travail du FAEJ pour faire progresser l\u2019\u00e9galit\u00e9 des genres au Canada reste plus que jamais crucial. Cette ann\u00e9e, nous nous r\u00e9jouissons \u00e0 l\u2019id\u00e9e de c\u00e9l\u00e9brer les 40&nbsp;ans de l\u2019important h\u00e9ritage du FAEJ tout en nous appuyant sur le remarquable travail de Pam. Avec un leadership f\u00e9ministe fort et stable, nous demeurons d\u00e9termin\u00e9\u00b7e\u00b7s \u00e0 cr\u00e9er un avenir fond\u00e9 sur une v\u00e9ritable \u00e9galit\u00e9 pour toutes et tous.<\/p>\n\n\n\n<p>\u00c0 Pam, un immense merci \u2013 et \u00e0 chacun\u00b7e d\u2019entre vous, merci de continuer \u00e0 appuyer cet organisme vital.<\/p>\n\n\n\n<p>Hadiya Roderique, pr\u00e9sidente<br>Conseil d\u2019administration du FAEJ<\/p>\n\n\n\n<hr class=\"wp-block-separator has-alpha-channel-opacity\"\/>\n\n\n\n<h2 class=\"wp-block-heading\">Message d&rsquo;adieu de la directrice ex\u00e9cutive et avocate g\u00e9n\u00e9rale du FAEJ<\/h2>\n\n\n\n<p>Ch\u00e8re communaut\u00e9 du FAEJ,<\/p>\n\n\n\n<p>Ce fut le plus grand privil\u00e8ge de ma vie professionnelle d\u2019\u00eatre l\u2019intendante du FAEJ en tant que directrice ex\u00e9cutive et avocate g\u00e9n\u00e9rale.<\/p>\n\n\n\n<p>Mais ce n\u2019\u00e9tait pas qu\u2019une affaire de parcours professionnel, pour moi. J\u2019ai grandi \u00e0 London, en Ontario, avec une m\u00e8re monoparentale, et j\u2019ai tr\u00e8s t\u00f4t pris conscience des obstacles syst\u00e9miques \u00e0 l\u2019\u00e9galit\u00e9 des femmes. J\u2019ai \u00e9galement appris \u00e0 quel point il est essentiel que les personnes qui sont en mesure de plaider en faveur du changement le fassent.<\/p>\n\n\n\n<p>Ce n\u2019est qu\u2019en allant \u00e0 la facult\u00e9 de droit que j\u2019ai d\u00e9couvert le FAEJ et son influence sur le droit, dans la lutte pour l\u2019\u00e9galit\u00e9 des femmes au Canada et contre la violence fond\u00e9e sur le genre. Je n\u2019aurais jamais pu imaginer, \u00e0 l\u2019\u00e9poque, qu\u2019on viendrait \u00e0 me confier la direction de cet organisme qui avait jou\u00e9 un r\u00f4le si important pour promouvoir les droits de ma m\u00e8re, de mon \u00e9pouse et les miens. Les moments forts dont je suis incroyablement fi\u00e8re sont tellement nombreux, mais l\u2019un des plus significatifs est <a href=\"https:\/\/www.leaf.ca\/fr\/case_summary\/ahluwalia-c-ahluwalia\/\">d\u2019avoir repr\u00e9sent\u00e9 le FAEJ en tant qu\u2019avocate dans son intervention devant la Cour supr\u00eame dans l\u2019affaire <em>Ahluwalia c. Ahluwalia<\/em><\/a>, dont l\u2019enjeu \u00e9tait l\u2019acc\u00e8s \u00e0 une compensation financi\u00e8re pour la violence conjugale.<\/p>\n\n\n\n<p>Le travail du FAEJ est v\u00e9ritablement plus n\u00e9cessaire que jamais. Aussi honor\u00e9e que je sois d\u2019avoir occup\u00e9 ce poste, je suis tout aussi enthousiaste \u00e0 l\u2019id\u00e9e de voir la vision et l\u2019\u00e9nergie que la nouvelle direction apportera \u00e0 ce travail, en cette p\u00e9riode o\u00f9 il est si crucial.<\/p>\n\n\n\n<p>Je demeure fermement engag\u00e9e \u00e0 soutenir le FAEJ et son mandat de parvenir \u00e0 l\u2019\u00e9galit\u00e9 r\u00e9elle pour toutes les femmes, filles et personnes transgenres et non binaires au Canada. Ma fa\u00e7on de soutenir la r\u00e9alisation de ce mandat sera simplement diff\u00e9rente \u00e0 partir de juillet.<\/p>\n\n\n\n<p>Alors que le FAEJ entame ce nouveau chapitre passionnant, je remercie le conseil d\u2019administration de m\u2019avoir confi\u00e9 la responsabilit\u00e9 de diriger cet organisme, tou\u00b7te\u00b7s mes brillant\u00b7e\u00b7s coll\u00e8gues de m\u00eame que les b\u00e9n\u00e9voles du FAEJ d\u2019avoir contribu\u00e9 \u00e0 tant de r\u00e9alisations au cours de ces ann\u00e9es, ainsi que tou\u00b7te\u00b7s les donateur\u00b7trice\u00b7s et bailleurs de fonds du FAEJ d\u2019avoir \u00e9t\u00e9 des partenaires dans la poursuite de son travail vital.<\/p>\n\n\n\n<p>Gr\u00e2ce \u00e0 vous tou\u00b7te\u00b7s, le FAEJ continuera d\u2019\u00eatre \u00e0 l\u2019avant-garde de la lutte pour la justice de genre au Canada.<\/p>\n\n\n\n<p>Pam Hrick, directrice ex\u00e9cutive et avocate g\u00e9n\u00e9rale<br>FAEJ<\/p>\n","protected":false},"featured_media":0,"template":"","meta":{"_acf_changed":false},"categories":[511],"tags":[],"class_list":["post-24688","news","type-news","status-publish","hentry","category-non-classifiee"],"acf":[],"yoast_head":"<!-- This site is optimized with the Yoast SEO plugin v27.4 - https:\/\/yoast.com\/product\/yoast-seo-wordpress\/ -->\n<title>Transition du leadership : Annonce du d\u00e9part de la directrice ex\u00e9cutive et avocate g\u00e9n\u00e9rale du FAEJ - LEAF<\/title>\n<meta name=\"robots\" content=\"index, follow, max-snippet:-1, max-image-preview:large, max-video-preview:-1\" \/>\n<link rel=\"canonical\" href=\"https:\/\/www.leaf.ca\/fr\/news\/transition-du-leadership-annonce-du-depart-de-la-directrice-executive-et-avocate-generale-du-faej\/\" \/>\n<meta property=\"og:locale\" content=\"fr_FR\" \/>\n<meta property=\"og:type\" content=\"article\" \/>\n<meta property=\"og:title\" content=\"Annonce du d\u00e9part de la directrice g\u00e9n\u00e9rale et conseill\u00e8re juridique du FAEJ\" \/>\n<meta property=\"og:description\" content=\"Nous annon\u00e7ons que notre directrice ex\u00e9cutive et avocate g\u00e9n\u00e9rale, Pam Hrick, nous quittera \u00e0 la fin du mois de juin 2025. De plus, nous amor\u00e7ons notre recherche d\u2019une nouvelle directrice g\u00e9n\u00e9rale ou d\u2019un nouveau directeur g\u00e9n\u00e9ral du FAEJ.\" \/>\n<meta property=\"og:url\" content=\"https:\/\/www.leaf.ca\/fr\/news\/transition-du-leadership-annonce-du-depart-de-la-directrice-executive-et-avocate-generale-du-faej\/\" \/>\n<meta property=\"og:site_name\" content=\"LEAF\" \/>\n<meta property=\"article:modified_time\" content=\"2025-02-27T20:33:37+00:00\" \/>\n<meta property=\"og:image\" content=\"https:\/\/www.leaf.ca\/wp-content\/uploads\/2025\/02\/Transition-Announcement-2.png\" \/>\n\t<meta property=\"og:image:width\" content=\"2160\" \/>\n\t<meta property=\"og:image:height\" content=\"1080\" \/>\n\t<meta property=\"og:image:type\" content=\"image\/png\" \/>\n<meta name=\"twitter:card\" content=\"summary_large_image\" \/>\n<meta name=\"twitter:label1\" content=\"Dur\u00e9e de lecture estim\u00e9e\" \/>\n\t<meta name=\"twitter:data1\" content=\"6 minutes\" \/>\n<script type=\"application\/ld+json\" class=\"yoast-schema-graph\">{\"@context\":\"https:\\\/\\\/schema.org\",\"@graph\":[{\"@type\":\"WebPage\",\"@id\":\"https:\\\/\\\/www.leaf.ca\\\/fr\\\/news\\\/transition-du-leadership-annonce-du-depart-de-la-directrice-executive-et-avocate-generale-du-faej\\\/\",\"url\":\"https:\\\/\\\/www.leaf.ca\\\/fr\\\/news\\\/transition-du-leadership-annonce-du-depart-de-la-directrice-executive-et-avocate-generale-du-faej\\\/\",\"name\":\"Transition du leadership : Annonce du d\u00e9part de la directrice ex\u00e9cutive et avocate g\u00e9n\u00e9rale du FAEJ - LEAF\",\"isPartOf\":{\"@id\":\"https:\\\/\\\/www.leaf.ca\\\/fr\\\/#website\"},\"datePublished\":\"2025-02-27T20:00:00+00:00\",\"dateModified\":\"2025-02-27T20:33:37+00:00\",\"breadcrumb\":{\"@id\":\"https:\\\/\\\/www.leaf.ca\\\/fr\\\/news\\\/transition-du-leadership-annonce-du-depart-de-la-directrice-executive-et-avocate-generale-du-faej\\\/#breadcrumb\"},\"inLanguage\":\"fr-FR\",\"potentialAction\":[{\"@type\":\"ReadAction\",\"target\":[\"https:\\\/\\\/www.leaf.ca\\\/fr\\\/news\\\/transition-du-leadership-annonce-du-depart-de-la-directrice-executive-et-avocate-generale-du-faej\\\/\"]}]},{\"@type\":\"BreadcrumbList\",\"@id\":\"https:\\\/\\\/www.leaf.ca\\\/fr\\\/news\\\/transition-du-leadership-annonce-du-depart-de-la-directrice-executive-et-avocate-generale-du-faej\\\/#breadcrumb\",\"itemListElement\":[{\"@type\":\"ListItem\",\"position\":1,\"name\":\"Home\",\"item\":\"https:\\\/\\\/www.leaf.ca\\\/fr\\\/\"},{\"@type\":\"ListItem\",\"position\":2,\"name\":\"News\",\"item\":\"https:\\\/\\\/www.leaf.ca\\\/fr\\\/news\\\/\"},{\"@type\":\"ListItem\",\"position\":3,\"name\":\"Transition du leadership : Annonce du d\u00e9part de la directrice ex\u00e9cutive et avocate g\u00e9n\u00e9rale du FAEJ\"}]},{\"@type\":\"WebSite\",\"@id\":\"https:\\\/\\\/www.leaf.ca\\\/fr\\\/#website\",\"url\":\"https:\\\/\\\/www.leaf.ca\\\/fr\\\/\",\"name\":\"LEAF\",\"description\":\"Women&#039;s Legal Education and Action Fund\",\"publisher\":{\"@id\":\"https:\\\/\\\/www.leaf.ca\\\/fr\\\/#organization\"},\"potentialAction\":[{\"@type\":\"SearchAction\",\"target\":{\"@type\":\"EntryPoint\",\"urlTemplate\":\"https:\\\/\\\/www.leaf.ca\\\/fr\\\/?s={search_term_string}\"},\"query-input\":{\"@type\":\"PropertyValueSpecification\",\"valueRequired\":true,\"valueName\":\"search_term_string\"}}],\"inLanguage\":\"fr-FR\"},{\"@type\":\"Organization\",\"@id\":\"https:\\\/\\\/www.leaf.ca\\\/fr\\\/#organization\",\"name\":\"LEAF\",\"url\":\"https:\\\/\\\/www.leaf.ca\\\/fr\\\/\",\"logo\":{\"@type\":\"ImageObject\",\"inLanguage\":\"fr-FR\",\"@id\":\"https:\\\/\\\/www.leaf.ca\\\/fr\\\/#\\\/schema\\\/logo\\\/image\\\/\",\"url\":\"https:\\\/\\\/www.leaf.ca\\\/wp-content\\\/uploads\\\/2020\\\/09\\\/LEAF_FAEJ_hz_names_colour_rgb.svg\",\"contentUrl\":\"https:\\\/\\\/www.leaf.ca\\\/wp-content\\\/uploads\\\/2020\\\/09\\\/LEAF_FAEJ_hz_names_colour_rgb.svg\",\"width\":612,\"height\":110,\"caption\":\"LEAF\"},\"image\":{\"@id\":\"https:\\\/\\\/www.leaf.ca\\\/fr\\\/#\\\/schema\\\/logo\\\/image\\\/\"}}]}<\/script>\n<!-- \/ Yoast SEO plugin. -->","yoast_head_json":{"title":"Transition du leadership : Annonce du d\u00e9part de la directrice ex\u00e9cutive et avocate g\u00e9n\u00e9rale du FAEJ - LEAF","robots":{"index":"index","follow":"follow","max-snippet":"max-snippet:-1","max-image-preview":"max-image-preview:large","max-video-preview":"max-video-preview:-1"},"canonical":"https:\/\/www.leaf.ca\/fr\/news\/transition-du-leadership-annonce-du-depart-de-la-directrice-executive-et-avocate-generale-du-faej\/","og_locale":"fr_FR","og_type":"article","og_title":"Annonce du d\u00e9part de la directrice g\u00e9n\u00e9rale et conseill\u00e8re juridique du FAEJ","og_description":"Nous annon\u00e7ons que notre directrice ex\u00e9cutive et avocate g\u00e9n\u00e9rale, Pam Hrick, nous quittera \u00e0 la fin du mois de juin 2025. De plus, nous amor\u00e7ons notre recherche d\u2019une nouvelle directrice g\u00e9n\u00e9rale ou d\u2019un nouveau directeur g\u00e9n\u00e9ral du FAEJ.","og_url":"https:\/\/www.leaf.ca\/fr\/news\/transition-du-leadership-annonce-du-depart-de-la-directrice-executive-et-avocate-generale-du-faej\/","og_site_name":"LEAF","article_modified_time":"2025-02-27T20:33:37+00:00","og_image":[{"width":2160,"height":1080,"url":"https:\/\/www.leaf.ca\/wp-content\/uploads\/2025\/02\/Transition-Announcement-2.png","type":"image\/png"}],"twitter_card":"summary_large_image","twitter_misc":{"Dur\u00e9e de lecture estim\u00e9e":"6 minutes"},"schema":{"@context":"https:\/\/schema.org","@graph":[{"@type":"WebPage","@id":"https:\/\/www.leaf.ca\/fr\/news\/transition-du-leadership-annonce-du-depart-de-la-directrice-executive-et-avocate-generale-du-faej\/","url":"https:\/\/www.leaf.ca\/fr\/news\/transition-du-leadership-annonce-du-depart-de-la-directrice-executive-et-avocate-generale-du-faej\/","name":"Transition du leadership : Annonce du d\u00e9part de la directrice ex\u00e9cutive et avocate g\u00e9n\u00e9rale du FAEJ - LEAF","isPartOf":{"@id":"https:\/\/www.leaf.ca\/fr\/#website"},"datePublished":"2025-02-27T20:00:00+00:00","dateModified":"2025-02-27T20:33:37+00:00","breadcrumb":{"@id":"https:\/\/www.leaf.ca\/fr\/news\/transition-du-leadership-annonce-du-depart-de-la-directrice-executive-et-avocate-generale-du-faej\/#breadcrumb"},"inLanguage":"fr-FR","potentialAction":[{"@type":"ReadAction","target":["https:\/\/www.leaf.ca\/fr\/news\/transition-du-leadership-annonce-du-depart-de-la-directrice-executive-et-avocate-generale-du-faej\/"]}]},{"@type":"BreadcrumbList","@id":"https:\/\/www.leaf.ca\/fr\/news\/transition-du-leadership-annonce-du-depart-de-la-directrice-executive-et-avocate-generale-du-faej\/#breadcrumb","itemListElement":[{"@type":"ListItem","position":1,"name":"Home","item":"https:\/\/www.leaf.ca\/fr\/"},{"@type":"ListItem","position":2,"name":"News","item":"https:\/\/www.leaf.ca\/fr\/news\/"},{"@type":"ListItem","position":3,"name":"Transition du leadership : Annonce du d\u00e9part de la directrice ex\u00e9cutive et avocate g\u00e9n\u00e9rale du FAEJ"}]},{"@type":"WebSite","@id":"https:\/\/www.leaf.ca\/fr\/#website","url":"https:\/\/www.leaf.ca\/fr\/","name":"LEAF","description":"Women&#039;s Legal Education and Action Fund","publisher":{"@id":"https:\/\/www.leaf.ca\/fr\/#organization"},"potentialAction":[{"@type":"SearchAction","target":{"@type":"EntryPoint","urlTemplate":"https:\/\/www.leaf.ca\/fr\/?s={search_term_string}"},"query-input":{"@type":"PropertyValueSpecification","valueRequired":true,"valueName":"search_term_string"}}],"inLanguage":"fr-FR"},{"@type":"Organization","@id":"https:\/\/www.leaf.ca\/fr\/#organization","name":"LEAF","url":"https:\/\/www.leaf.ca\/fr\/","logo":{"@type":"ImageObject","inLanguage":"fr-FR","@id":"https:\/\/www.leaf.ca\/fr\/#\/schema\/logo\/image\/","url":"https:\/\/www.leaf.ca\/wp-content\/uploads\/2020\/09\/LEAF_FAEJ_hz_names_colour_rgb.svg","contentUrl":"https:\/\/www.leaf.ca\/wp-content\/uploads\/2020\/09\/LEAF_FAEJ_hz_names_colour_rgb.svg","width":612,"height":110,"caption":"LEAF"},"image":{"@id":"https:\/\/www.leaf.ca\/fr\/#\/schema\/logo\/image\/"}}]}},"_links":{"self":[{"href":"https:\/\/www.leaf.ca\/fr\/wp-json\/wp\/v2\/news\/24688","targetHints":{"allow":["GET"]}}],"collection":[{"href":"https:\/\/www.leaf.ca\/fr\/wp-json\/wp\/v2\/news"}],"about":[{"href":"https:\/\/www.leaf.ca\/fr\/wp-json\/wp\/v2\/types\/news"}],"wp:attachment":[{"href":"https:\/\/www.leaf.ca\/fr\/wp-json\/wp\/v2\/media?parent=24688"}],"wp:term":[{"taxonomy":"category","embeddable":true,"href":"https:\/\/www.leaf.ca\/fr\/wp-json\/wp\/v2\/categories?post=24688"},{"taxonomy":"post_tag","embeddable":true,"href":"https:\/\/www.leaf.ca\/fr\/wp-json\/wp\/v2\/tags?post=24688"}],"curies":[{"name":"wp","href":"https:\/\/api.w.org\/{rel}","templated":true}]}}