{"id":25504,"date":"2025-06-11T12:09:16","date_gmt":"2025-06-11T16:09:16","guid":{"rendered":"https:\/\/www.leaf.ca\/news\/leafs-reaction-to-quebecs-comite-de-sages-report-on-gender-identity\/"},"modified":"2025-06-11T12:24:39","modified_gmt":"2025-06-11T16:24:39","slug":"leafs-reaction-to-quebecs-comite-de-sages-report-on-gender-identity","status":"publish","type":"news","link":"https:\/\/www.leaf.ca\/fr\/news\/leafs-reaction-to-quebecs-comite-de-sages-report-on-gender-identity\/","title":{"rendered":"R\u00e9action du FAEJ au rapport du Comit\u00e9 de sages du Qu\u00e9bec sur l\u2019identit\u00e9 de genre"},"content":{"rendered":"\n<p>Le 29 mai 2025, le Comit\u00e9 de sages sur l\u2019identit\u00e9 de genre a d\u00e9pos\u00e9 <a href=\"https:\/\/cdn-contenu.quebec.ca\/cdn-contenu\/adm\/min\/famille\/publications-adm\/publications-complementaires\/Rapport-Csages-Volume1.pdf\">son rapport<\/a>.<\/p>\n\n\n\n<p>En d\u00e9cembre 2023, le gouvernement du Qu\u00e9bec a annonc\u00e9 avoir mandat\u00e9 trois personnes cisgenres pour si\u00e9ger au sein d\u2019un comit\u00e9 appel\u00e9 le Comit\u00e9 de sages. Le gouvernement a charg\u00e9 le Comit\u00e9 de sages d\u2019\u00e9tudier l\u2019identit\u00e9 de genre et de faire un rapport sur le sujet afin d\u2019aider le gouvernement \u00e0 prendre des d\u00e9cisions \u00e9clair\u00e9es sur les questions li\u00e9es \u00e0 l\u2019identit\u00e9 de genre.<\/p>\n\n\n\n<p>Le Comit\u00e9 a publi\u00e9 son rapport \u00e0 la fin mai. Il compte 300&nbsp;pages. Certaines de ses recommandations sont partag\u00e9es par le FAEJ, tandis que d\u2019autres ne le sont pas. La position initiale du FAEJ \u00e0 l\u2019\u00e9gard du rapport, et de toute l\u00e9gislation qui pourrait en d\u00e9couler, est double&nbsp;:<\/p>\n\n\n\n<ol class=\"wp-block-list\">\n<li><strong>Il n\u2019y a aucune excuse \u00e0 ce que le Comit\u00e9 ait \u00e9t\u00e9 compos\u00e9 uniquement de personnes cisgenres.<\/strong> L\u2019absence d\u2019expertise trans, intersexe ou non binaire au sein du comit\u00e9 compromet gravement l\u2019int\u00e9grit\u00e9 de ses conclusions et recommandations. Le Comit\u00e9 insiste pour dire que son \u00e9troite collaboration avec le Conseil qu\u00e9b\u00e9cois LGBT a compens\u00e9 cette absence de repr\u00e9sentation. La directrice g\u00e9n\u00e9rale de ce Conseil n\u2019est pas de cet avis. Elle a d\u00e9clar\u00e9 \u00e0 <a href=\"https:\/\/www.lapresse.ca\/actualites\/2025-05-30\/identite-de-genre\/le-comite-de-sages-depose-son-rapport-dans-la-controverse.php\">La Presse<\/a>&nbsp;: \u00ab&nbsp;Est-ce qu\u2019on peut imaginer un comit\u00e9 sur l\u2019avortement sans femme? Aucune autre communaut\u00e9 n\u2019aurait \u00e9t\u00e9 trait\u00e9e comme \u00e7a.&nbsp;\u00bb<br><\/li>\n\n\n\n<li><strong>La lib\u00e9ration des personnes transgenres n\u2019est pas une menace pour l\u2019\u00e9galit\u00e9 des femmes\u00a0: elle en est un \u00e9l\u00e9ment essentiel.<\/strong> Le Comit\u00e9 fonde ses conclusions et ses recommandations en partie sur ce qu\u2019il consid\u00e8re comme des \u00ab\u00a0craintes des femmes\u00a0\u00bb. Parmi les questions soulev\u00e9es par des femmes, le Comit\u00e9 a entendu leur pr\u00e9occupation concernant le changement de terminologie, de \u00ab\u00a0femmes\u00a0\u00bb \u00e0 \u00ab\u00a0genre\u00a0\u00bb (par exemple, \u00ab\u00a0\u00e9galit\u00e9 des genres\u00a0\u00bb plut\u00f4t qu\u2019\u00ab\u00a0\u00e9galit\u00e9 des femmes\u00a0\u00bb), et leur crainte que l\u2019accent mis sur le genre plut\u00f4t que sur le sexe dans les politiques publiques (y compris les politiques de sant\u00e9) conduise \u00e0 l\u2019\u00ab\u00a0invisibilisation\u00a0\u00bb des r\u00e9alit\u00e9s biologiques et des conditions propres aux femmes.<br><br><strong>Le FAEJ, en tant qu\u2019organisme fier de placer les femmes au centre de son travail, d\u00e9nonce toute utilisation du f\u00e9minisme et toute invocation de la lutte pour l\u2019\u00e9galit\u00e9 des droits des femmes comme moyen de se s\u00e9parer des luttes des personnes trans et non binaires. <\/strong>L\u2019effacement et le rejet des exp\u00e9riences des femmes cisgenres dans les politiques gouvernementales et dans le discours social en g\u00e9n\u00e9ral sont le r\u00e9sultat de la misogynie et du patriarcat. Ce ne sont pas des r\u00e9sultats du fait que les personnes trans et non binaires cherchent \u00e0 \u00eatre incluses de mani\u00e8re significative dans les soins de sant\u00e9, dans les salles de bain, dans la soci\u00e9t\u00e9 ou dans le langage.<\/li>\n<\/ol>\n\n\n\n<p>Le FAEJ appelle \u00e0 la solidarit\u00e9 dans la lutte contre le patriarcat \u2013 nous ne sacrifierons pas nos fr\u00e8res et s\u0153urs trans pour obtenir ce que nous voulons. La justice de genre ne pourra \u00eatre atteinte sans la lib\u00e9ration des personnes transgenres.<\/p>\n\n\n\n<p><\/p>\n","protected":false},"featured_media":0,"template":"","meta":{"_acf_changed":true},"categories":[719,720],"tags":[721,722],"class_list":["post-25504","news","type-news","status-publish","hentry","category-gender-discrimination-fr","category-intersectional-feminism-fr","tag-2slgbtqia-rights-fr","tag-trans-liberation-fr"],"acf":[],"yoast_head":"<!-- This site is optimized with the Yoast SEO plugin v27.4 - https:\/\/yoast.com\/product\/yoast-seo-wordpress\/ -->\n<title>R\u00e9action du FAEJ au rapport du Comit\u00e9 de sages du Qu\u00e9bec sur l\u2019identit\u00e9 de genre - LEAF<\/title>\n<meta name=\"robots\" content=\"index, follow, max-snippet:-1, max-image-preview:large, max-video-preview:-1\" \/>\n<link rel=\"canonical\" href=\"https:\/\/www.leaf.ca\/fr\/news\/leafs-reaction-to-quebecs-comite-de-sages-report-on-gender-identity\/\" \/>\n<meta property=\"og:locale\" content=\"fr_FR\" \/>\n<meta property=\"og:type\" content=\"article\" \/>\n<meta property=\"og:title\" content=\"R\u00e9action du FAEJ au rapport du Comit\u00e9 de sages du Qu\u00e9bec sur l\u2019identit\u00e9 de genre\" \/>\n<meta property=\"og:description\" content=\"Le 29 mai 2025, le Comit\u00e9 de sages sur l\u2019identit\u00e9 de genre a d\u00e9pos\u00e9 son rapport.\" \/>\n<meta property=\"og:url\" content=\"https:\/\/www.leaf.ca\/fr\/news\/leafs-reaction-to-quebecs-comite-de-sages-report-on-gender-identity\/\" \/>\n<meta property=\"og:site_name\" content=\"LEAF\" \/>\n<meta property=\"article:modified_time\" content=\"2025-06-11T16:24:39+00:00\" \/>\n<meta property=\"og:image\" content=\"https:\/\/www.leaf.ca\/wp-content\/uploads\/2025\/06\/iStock-1313262679-1-1024x683.jpg\" \/>\n\t<meta property=\"og:image:width\" content=\"1024\" \/>\n\t<meta property=\"og:image:height\" content=\"683\" \/>\n\t<meta property=\"og:image:type\" content=\"image\/jpeg\" \/>\n<meta name=\"twitter:card\" content=\"summary_large_image\" \/>\n<meta name=\"twitter:label1\" content=\"Dur\u00e9e de lecture estim\u00e9e\" \/>\n\t<meta name=\"twitter:data1\" content=\"3 minutes\" \/>\n<script type=\"application\/ld+json\" class=\"yoast-schema-graph\">{\"@context\":\"https:\\\/\\\/schema.org\",\"@graph\":[{\"@type\":\"WebPage\",\"@id\":\"https:\\\/\\\/www.leaf.ca\\\/fr\\\/news\\\/leafs-reaction-to-quebecs-comite-de-sages-report-on-gender-identity\\\/\",\"url\":\"https:\\\/\\\/www.leaf.ca\\\/fr\\\/news\\\/leafs-reaction-to-quebecs-comite-de-sages-report-on-gender-identity\\\/\",\"name\":\"R\u00e9action du FAEJ au rapport du Comit\u00e9 de sages du Qu\u00e9bec sur l\u2019identit\u00e9 de genre - LEAF\",\"isPartOf\":{\"@id\":\"https:\\\/\\\/www.leaf.ca\\\/fr\\\/#website\"},\"datePublished\":\"2025-06-11T16:09:16+00:00\",\"dateModified\":\"2025-06-11T16:24:39+00:00\",\"breadcrumb\":{\"@id\":\"https:\\\/\\\/www.leaf.ca\\\/fr\\\/news\\\/leafs-reaction-to-quebecs-comite-de-sages-report-on-gender-identity\\\/#breadcrumb\"},\"inLanguage\":\"fr-FR\",\"potentialAction\":[{\"@type\":\"ReadAction\",\"target\":[\"https:\\\/\\\/www.leaf.ca\\\/fr\\\/news\\\/leafs-reaction-to-quebecs-comite-de-sages-report-on-gender-identity\\\/\"]}]},{\"@type\":\"BreadcrumbList\",\"@id\":\"https:\\\/\\\/www.leaf.ca\\\/fr\\\/news\\\/leafs-reaction-to-quebecs-comite-de-sages-report-on-gender-identity\\\/#breadcrumb\",\"itemListElement\":[{\"@type\":\"ListItem\",\"position\":1,\"name\":\"Home\",\"item\":\"https:\\\/\\\/www.leaf.ca\\\/fr\\\/\"},{\"@type\":\"ListItem\",\"position\":2,\"name\":\"News\",\"item\":\"https:\\\/\\\/www.leaf.ca\\\/fr\\\/news\\\/\"},{\"@type\":\"ListItem\",\"position\":3,\"name\":\"R\u00e9action du FAEJ au rapport du Comit\u00e9 de sages du Qu\u00e9bec sur l\u2019identit\u00e9 de genre\"}]},{\"@type\":\"WebSite\",\"@id\":\"https:\\\/\\\/www.leaf.ca\\\/fr\\\/#website\",\"url\":\"https:\\\/\\\/www.leaf.ca\\\/fr\\\/\",\"name\":\"LEAF\",\"description\":\"Women&#039;s Legal Education and Action Fund\",\"publisher\":{\"@id\":\"https:\\\/\\\/www.leaf.ca\\\/fr\\\/#organization\"},\"potentialAction\":[{\"@type\":\"SearchAction\",\"target\":{\"@type\":\"EntryPoint\",\"urlTemplate\":\"https:\\\/\\\/www.leaf.ca\\\/fr\\\/?s={search_term_string}\"},\"query-input\":{\"@type\":\"PropertyValueSpecification\",\"valueRequired\":true,\"valueName\":\"search_term_string\"}}],\"inLanguage\":\"fr-FR\"},{\"@type\":\"Organization\",\"@id\":\"https:\\\/\\\/www.leaf.ca\\\/fr\\\/#organization\",\"name\":\"LEAF\",\"url\":\"https:\\\/\\\/www.leaf.ca\\\/fr\\\/\",\"logo\":{\"@type\":\"ImageObject\",\"inLanguage\":\"fr-FR\",\"@id\":\"https:\\\/\\\/www.leaf.ca\\\/fr\\\/#\\\/schema\\\/logo\\\/image\\\/\",\"url\":\"https:\\\/\\\/www.leaf.ca\\\/wp-content\\\/uploads\\\/2020\\\/09\\\/LEAF_FAEJ_hz_names_colour_rgb.svg\",\"contentUrl\":\"https:\\\/\\\/www.leaf.ca\\\/wp-content\\\/uploads\\\/2020\\\/09\\\/LEAF_FAEJ_hz_names_colour_rgb.svg\",\"width\":612,\"height\":110,\"caption\":\"LEAF\"},\"image\":{\"@id\":\"https:\\\/\\\/www.leaf.ca\\\/fr\\\/#\\\/schema\\\/logo\\\/image\\\/\"}}]}<\/script>\n<!-- \/ Yoast SEO plugin. -->","yoast_head_json":{"title":"R\u00e9action du FAEJ au rapport du Comit\u00e9 de sages du Qu\u00e9bec sur l\u2019identit\u00e9 de genre - LEAF","robots":{"index":"index","follow":"follow","max-snippet":"max-snippet:-1","max-image-preview":"max-image-preview:large","max-video-preview":"max-video-preview:-1"},"canonical":"https:\/\/www.leaf.ca\/fr\/news\/leafs-reaction-to-quebecs-comite-de-sages-report-on-gender-identity\/","og_locale":"fr_FR","og_type":"article","og_title":"R\u00e9action du FAEJ au rapport du Comit\u00e9 de sages du Qu\u00e9bec sur l\u2019identit\u00e9 de genre","og_description":"Le 29 mai 2025, le Comit\u00e9 de sages sur l\u2019identit\u00e9 de genre a d\u00e9pos\u00e9 son rapport.","og_url":"https:\/\/www.leaf.ca\/fr\/news\/leafs-reaction-to-quebecs-comite-de-sages-report-on-gender-identity\/","og_site_name":"LEAF","article_modified_time":"2025-06-11T16:24:39+00:00","og_image":[{"width":1024,"height":683,"url":"https:\/\/www.leaf.ca\/wp-content\/uploads\/2025\/06\/iStock-1313262679-1-1024x683.jpg","type":"image\/jpeg"}],"twitter_card":"summary_large_image","twitter_misc":{"Dur\u00e9e de lecture estim\u00e9e":"3 minutes"},"schema":{"@context":"https:\/\/schema.org","@graph":[{"@type":"WebPage","@id":"https:\/\/www.leaf.ca\/fr\/news\/leafs-reaction-to-quebecs-comite-de-sages-report-on-gender-identity\/","url":"https:\/\/www.leaf.ca\/fr\/news\/leafs-reaction-to-quebecs-comite-de-sages-report-on-gender-identity\/","name":"R\u00e9action du FAEJ au rapport du Comit\u00e9 de sages du Qu\u00e9bec sur l\u2019identit\u00e9 de genre - LEAF","isPartOf":{"@id":"https:\/\/www.leaf.ca\/fr\/#website"},"datePublished":"2025-06-11T16:09:16+00:00","dateModified":"2025-06-11T16:24:39+00:00","breadcrumb":{"@id":"https:\/\/www.leaf.ca\/fr\/news\/leafs-reaction-to-quebecs-comite-de-sages-report-on-gender-identity\/#breadcrumb"},"inLanguage":"fr-FR","potentialAction":[{"@type":"ReadAction","target":["https:\/\/www.leaf.ca\/fr\/news\/leafs-reaction-to-quebecs-comite-de-sages-report-on-gender-identity\/"]}]},{"@type":"BreadcrumbList","@id":"https:\/\/www.leaf.ca\/fr\/news\/leafs-reaction-to-quebecs-comite-de-sages-report-on-gender-identity\/#breadcrumb","itemListElement":[{"@type":"ListItem","position":1,"name":"Home","item":"https:\/\/www.leaf.ca\/fr\/"},{"@type":"ListItem","position":2,"name":"News","item":"https:\/\/www.leaf.ca\/fr\/news\/"},{"@type":"ListItem","position":3,"name":"R\u00e9action du FAEJ au rapport du Comit\u00e9 de sages du Qu\u00e9bec sur l\u2019identit\u00e9 de genre"}]},{"@type":"WebSite","@id":"https:\/\/www.leaf.ca\/fr\/#website","url":"https:\/\/www.leaf.ca\/fr\/","name":"LEAF","description":"Women&#039;s Legal Education and Action Fund","publisher":{"@id":"https:\/\/www.leaf.ca\/fr\/#organization"},"potentialAction":[{"@type":"SearchAction","target":{"@type":"EntryPoint","urlTemplate":"https:\/\/www.leaf.ca\/fr\/?s={search_term_string}"},"query-input":{"@type":"PropertyValueSpecification","valueRequired":true,"valueName":"search_term_string"}}],"inLanguage":"fr-FR"},{"@type":"Organization","@id":"https:\/\/www.leaf.ca\/fr\/#organization","name":"LEAF","url":"https:\/\/www.leaf.ca\/fr\/","logo":{"@type":"ImageObject","inLanguage":"fr-FR","@id":"https:\/\/www.leaf.ca\/fr\/#\/schema\/logo\/image\/","url":"https:\/\/www.leaf.ca\/wp-content\/uploads\/2020\/09\/LEAF_FAEJ_hz_names_colour_rgb.svg","contentUrl":"https:\/\/www.leaf.ca\/wp-content\/uploads\/2020\/09\/LEAF_FAEJ_hz_names_colour_rgb.svg","width":612,"height":110,"caption":"LEAF"},"image":{"@id":"https:\/\/www.leaf.ca\/fr\/#\/schema\/logo\/image\/"}}]}},"_links":{"self":[{"href":"https:\/\/www.leaf.ca\/fr\/wp-json\/wp\/v2\/news\/25504","targetHints":{"allow":["GET"]}}],"collection":[{"href":"https:\/\/www.leaf.ca\/fr\/wp-json\/wp\/v2\/news"}],"about":[{"href":"https:\/\/www.leaf.ca\/fr\/wp-json\/wp\/v2\/types\/news"}],"wp:attachment":[{"href":"https:\/\/www.leaf.ca\/fr\/wp-json\/wp\/v2\/media?parent=25504"}],"wp:term":[{"taxonomy":"category","embeddable":true,"href":"https:\/\/www.leaf.ca\/fr\/wp-json\/wp\/v2\/categories?post=25504"},{"taxonomy":"post_tag","embeddable":true,"href":"https:\/\/www.leaf.ca\/fr\/wp-json\/wp\/v2\/tags?post=25504"}],"curies":[{"name":"wp","href":"https:\/\/api.w.org\/{rel}","templated":true}]}}