{"id":26005,"date":"2025-09-12T18:28:01","date_gmt":"2025-09-12T22:28:01","guid":{"rendered":"https:\/\/www.leaf.ca\/?post_type=news&#038;p=26005"},"modified":"2025-09-12T18:28:03","modified_gmt":"2025-09-12T22:28:03","slug":"le-faej-souhaite-la-bienvenue-a-ruth-goba-sa-nouvelle-directrice-generale","status":"publish","type":"news","link":"https:\/\/www.leaf.ca\/fr\/news\/le-faej-souhaite-la-bienvenue-a-ruth-goba-sa-nouvelle-directrice-generale\/","title":{"rendered":"Le FAEJ souhaite la bienvenue \u00e0 Ruth Goba, sa nouvelle directrice g\u00e9n\u00e9rale"},"content":{"rendered":"\n<figure class=\"wp-block-image size-full\"><img fetchpriority=\"high\" decoding=\"async\" width=\"940\" height=\"600\" src=\"https:\/\/www.leaf.ca\/wp-content\/uploads\/2025\/09\/ED-Ruth-Goba-Welcome-2.png\" alt=\"\" class=\"wp-image-26006\" srcset=\"https:\/\/www.leaf.ca\/wp-content\/uploads\/2025\/09\/ED-Ruth-Goba-Welcome-2.png 940w, https:\/\/www.leaf.ca\/wp-content\/uploads\/2025\/09\/ED-Ruth-Goba-Welcome-2-620x396.png 620w, https:\/\/www.leaf.ca\/wp-content\/uploads\/2025\/09\/ED-Ruth-Goba-Welcome-2-768x490.png 768w\" sizes=\"(max-width: 940px) 100vw, 940px\" \/><\/figure>\n\n\n\n<p>15 septembre 2025<\/p>\n\n\n\n<p>Le Fonds d\u2019action et d\u2019\u00e9ducation juridique pour les femmes (FAEJ) est ravi d\u2019annoncer la nomination de Ruth Goba au poste de directrice g\u00e9n\u00e9rale. Mme&nbsp;Goba poss\u00e8de une vaste exp\u00e9rience du f\u00e9minisme intersectionnel, des droits de la personne et de la lutte contre les discriminations.<\/p>\n\n\n\n<p>\u00ab&nbsp;Quarante ans apr\u00e8s sa cr\u00e9ation, le FAEJ r\u00e9alise des travaux qui sont toujours aussi n\u00e9cessaires. Je suis emball\u00e9e \u00e0 l\u2019id\u00e9e de travailler avec notre personnel et nos communaut\u00e9s \u00e0 faire progresser l\u2019\u00e9galit\u00e9 des genres dans tout le Canada. Il y a beaucoup \u00e0 faire, mais notre organisme est fort de ses relations, du pouvoir de nos communaut\u00e9s et de la solidarit\u00e9 du mouvement pour combattre la misogynie, la transphobie et le racisme.&nbsp;\u00bb<\/p>\n\n\n\n<p><em>Ruth Goba, nouvelle directrice g\u00e9n\u00e9rale du FAEJ<\/em><\/p>\n\n\n\n<p>Avant de se joindre au FAEJ, Mme&nbsp;Goba a travaill\u00e9 comme consultante ind\u00e9pendante et a \u00e9t\u00e9 r\u00e9guli\u00e8rement sollicit\u00e9e par des minist\u00e8res, des facult\u00e9s de droit, des conseils scolaires, des \u00e9coles publiques ou ind\u00e9pendantes, des cabinets de juristes et des cliniques juridiques pour mener des enqu\u00eates, dispenser des formations et\/ou s\u2019exprimer sur les droits de la personne, l\u2019\u00e9quit\u00e9 et le racisme anti-Noir\u00b7e\u00b7s.<\/p>\n\n\n\n<p>Mme&nbsp;Goba a \u00e9t\u00e9 la directrice g\u00e9n\u00e9rale fondatrice du Black Legal Action Centre (BLAC), a travaill\u00e9 comme arbitre et m\u00e9diatrice au Tribunal des droits de la personne de l\u2019Ontario, et a \u00e9t\u00e9 commissaire et pr\u00e9sidente int\u00e9rimaire de la Commission des droits de la personne de l\u2019Ontario. Elle a \u00e9galement \u00e9t\u00e9 directrice g\u00e9n\u00e9rale du Centre pour les droits \u00e0 l\u2019\u00e9galit\u00e9 au logement et a travaill\u00e9 dans un cabinet priv\u00e9 sp\u00e9cialis\u00e9 en droits de la personne ainsi qu\u2019en mati\u00e8re de racisme, d\u2019in\u00e9galit\u00e9 entre les genres et de discrimination \u00e0 l\u2019\u00e9gard des personnes handicap\u00e9es. Elle a si\u00e9g\u00e9 au comit\u00e9 juridique national du FAEJ, au conseil d\u2019administration de l\u2019Association nationale femmes et droit ainsi qu\u2019au conseil d\u2019administration du Centre d\u2019assistance juridique en mati\u00e8re de droits de la personne.<\/p>\n\n\n\n<p>\u00ab&nbsp;En cette ann\u00e9e charni\u00e8re pour le FAEJ et \u00e0 un moment crucial pour les droits des femmes, des personnes transgenres et des migrant\u00b7e\u00b7s, je suis ravie que Ruth Goba rejoigne le FAEJ en tant que directrice g\u00e9n\u00e9rale. Je suis persuad\u00e9e qu\u2019elle et l\u2019\u00e9quipe du FAEJ accompliront de grandes choses dans ce nouveau chapitre enthousiasmant de l\u2019histoire du FAEJ.&nbsp;\u00bb<\/p>\n\n\n\n<p><em>Hadiya Roderique, pr\u00e9sident du conseil d\u2019administration du FAEJ<\/em><\/p>\n\n\n\n<p><br><strong>\u00c0 propos du Fonds d\u2019action et d\u2019\u00e9ducation juridique pour les femmes (FAEJ)<\/strong><br>Le Fonds d\u2019action et d\u2019\u00e9ducation juridique pour les femmes (FAEJ) est un organisme national de bienfaisance \u00e0 but non lucratif qui \u0153uvre \u00e0 l\u2019avancement des droits \u00e0 l\u2019\u00e9galit\u00e9 des femmes, des filles et des personnes transgenres et non binaires au Canada par le biais du contentieux, de la r\u00e9forme du droit et de l\u2019\u00e9ducation juridique du public. Depuis 1985, le FAEJ est intervenu dans plus de 140&nbsp;affaires qui ont contribu\u00e9 \u00e0 fa\u00e7onner la <em>Charte canadienne des droits et libert\u00e9s<\/em>. Pour en savoir plus, visitez le site <a href=\"http:\/\/www.leaf.ca\">www.leaf.ca<\/a>.<\/p>\n","protected":false},"featured_media":0,"template":"","meta":{"_acf_changed":false},"categories":[],"tags":[],"class_list":["post-26005","news","type-news","status-publish","hentry"],"acf":[],"yoast_head":"<!-- This site is optimized with the Yoast SEO plugin v27.4 - https:\/\/yoast.com\/product\/yoast-seo-wordpress\/ -->\n<title>Le FAEJ souhaite la bienvenue \u00e0 Ruth Goba, sa nouvelle directrice g\u00e9n\u00e9rale - LEAF<\/title>\n<meta name=\"robots\" content=\"index, follow, max-snippet:-1, max-image-preview:large, max-video-preview:-1\" \/>\n<link rel=\"canonical\" href=\"https:\/\/www.leaf.ca\/fr\/news\/le-faej-souhaite-la-bienvenue-a-ruth-goba-sa-nouvelle-directrice-generale\/\" \/>\n<meta property=\"og:locale\" content=\"fr_FR\" \/>\n<meta property=\"og:type\" content=\"article\" \/>\n<meta property=\"og:title\" content=\"Le FAEJ souhaite la bienvenue \u00e0 Ruth Goba, sa nouvelle directrice g\u00e9n\u00e9rale - LEAF\" \/>\n<meta property=\"og:description\" content=\"15 septembre 2025 Le Fonds d\u2019action et d\u2019\u00e9ducation juridique pour les femmes (FAEJ) est ravi d\u2019annoncer la nomination de Ruth Goba au poste de directrice g\u00e9n\u00e9rale. Mme&nbsp;Goba poss\u00e8de une vaste exp\u00e9rience du f\u00e9minisme intersectionnel, des droits de la personne et de la lutte contre les discriminations. \u00ab&nbsp;Quarante ans apr\u00e8s sa cr\u00e9ation, le FAEJ r\u00e9alise des [&hellip;]\" \/>\n<meta property=\"og:url\" content=\"https:\/\/www.leaf.ca\/fr\/news\/le-faej-souhaite-la-bienvenue-a-ruth-goba-sa-nouvelle-directrice-generale\/\" \/>\n<meta property=\"og:site_name\" content=\"LEAF\" \/>\n<meta property=\"article:modified_time\" content=\"2025-09-12T22:28:03+00:00\" \/>\n<meta property=\"og:image\" content=\"https:\/\/www.leaf.ca\/wp-content\/uploads\/2025\/09\/ED-Ruth-Goba-Welcome-2.png\" \/>\n\t<meta property=\"og:image:width\" content=\"940\" \/>\n\t<meta property=\"og:image:height\" content=\"600\" \/>\n\t<meta property=\"og:image:type\" content=\"image\/png\" \/>\n<meta name=\"twitter:card\" content=\"summary_large_image\" \/>\n<meta name=\"twitter:label1\" content=\"Dur\u00e9e de lecture estim\u00e9e\" \/>\n\t<meta name=\"twitter:data1\" content=\"3 minutes\" \/>\n<script type=\"application\/ld+json\" class=\"yoast-schema-graph\">{\"@context\":\"https:\\\/\\\/schema.org\",\"@graph\":[{\"@type\":\"WebPage\",\"@id\":\"https:\\\/\\\/www.leaf.ca\\\/fr\\\/news\\\/le-faej-souhaite-la-bienvenue-a-ruth-goba-sa-nouvelle-directrice-generale\\\/\",\"url\":\"https:\\\/\\\/www.leaf.ca\\\/fr\\\/news\\\/le-faej-souhaite-la-bienvenue-a-ruth-goba-sa-nouvelle-directrice-generale\\\/\",\"name\":\"Le FAEJ souhaite la bienvenue \u00e0 Ruth Goba, sa nouvelle directrice g\u00e9n\u00e9rale - LEAF\",\"isPartOf\":{\"@id\":\"https:\\\/\\\/www.leaf.ca\\\/fr\\\/#website\"},\"primaryImageOfPage\":{\"@id\":\"https:\\\/\\\/www.leaf.ca\\\/fr\\\/news\\\/le-faej-souhaite-la-bienvenue-a-ruth-goba-sa-nouvelle-directrice-generale\\\/#primaryimage\"},\"image\":{\"@id\":\"https:\\\/\\\/www.leaf.ca\\\/fr\\\/news\\\/le-faej-souhaite-la-bienvenue-a-ruth-goba-sa-nouvelle-directrice-generale\\\/#primaryimage\"},\"thumbnailUrl\":\"https:\\\/\\\/www.leaf.ca\\\/wp-content\\\/uploads\\\/2025\\\/09\\\/ED-Ruth-Goba-Welcome-2.png\",\"datePublished\":\"2025-09-12T22:28:01+00:00\",\"dateModified\":\"2025-09-12T22:28:03+00:00\",\"breadcrumb\":{\"@id\":\"https:\\\/\\\/www.leaf.ca\\\/fr\\\/news\\\/le-faej-souhaite-la-bienvenue-a-ruth-goba-sa-nouvelle-directrice-generale\\\/#breadcrumb\"},\"inLanguage\":\"fr-FR\",\"potentialAction\":[{\"@type\":\"ReadAction\",\"target\":[\"https:\\\/\\\/www.leaf.ca\\\/fr\\\/news\\\/le-faej-souhaite-la-bienvenue-a-ruth-goba-sa-nouvelle-directrice-generale\\\/\"]}]},{\"@type\":\"ImageObject\",\"inLanguage\":\"fr-FR\",\"@id\":\"https:\\\/\\\/www.leaf.ca\\\/fr\\\/news\\\/le-faej-souhaite-la-bienvenue-a-ruth-goba-sa-nouvelle-directrice-generale\\\/#primaryimage\",\"url\":\"https:\\\/\\\/www.leaf.ca\\\/wp-content\\\/uploads\\\/2025\\\/09\\\/ED-Ruth-Goba-Welcome-2.png\",\"contentUrl\":\"https:\\\/\\\/www.leaf.ca\\\/wp-content\\\/uploads\\\/2025\\\/09\\\/ED-Ruth-Goba-Welcome-2.png\"},{\"@type\":\"BreadcrumbList\",\"@id\":\"https:\\\/\\\/www.leaf.ca\\\/fr\\\/news\\\/le-faej-souhaite-la-bienvenue-a-ruth-goba-sa-nouvelle-directrice-generale\\\/#breadcrumb\",\"itemListElement\":[{\"@type\":\"ListItem\",\"position\":1,\"name\":\"Home\",\"item\":\"https:\\\/\\\/www.leaf.ca\\\/fr\\\/\"},{\"@type\":\"ListItem\",\"position\":2,\"name\":\"News\",\"item\":\"https:\\\/\\\/www.leaf.ca\\\/fr\\\/news\\\/\"},{\"@type\":\"ListItem\",\"position\":3,\"name\":\"Le FAEJ souhaite la bienvenue \u00e0 Ruth Goba, sa nouvelle directrice g\u00e9n\u00e9rale\"}]},{\"@type\":\"WebSite\",\"@id\":\"https:\\\/\\\/www.leaf.ca\\\/fr\\\/#website\",\"url\":\"https:\\\/\\\/www.leaf.ca\\\/fr\\\/\",\"name\":\"LEAF\",\"description\":\"Women&#039;s Legal Education and Action Fund\",\"publisher\":{\"@id\":\"https:\\\/\\\/www.leaf.ca\\\/fr\\\/#organization\"},\"potentialAction\":[{\"@type\":\"SearchAction\",\"target\":{\"@type\":\"EntryPoint\",\"urlTemplate\":\"https:\\\/\\\/www.leaf.ca\\\/fr\\\/?s={search_term_string}\"},\"query-input\":{\"@type\":\"PropertyValueSpecification\",\"valueRequired\":true,\"valueName\":\"search_term_string\"}}],\"inLanguage\":\"fr-FR\"},{\"@type\":\"Organization\",\"@id\":\"https:\\\/\\\/www.leaf.ca\\\/fr\\\/#organization\",\"name\":\"LEAF\",\"url\":\"https:\\\/\\\/www.leaf.ca\\\/fr\\\/\",\"logo\":{\"@type\":\"ImageObject\",\"inLanguage\":\"fr-FR\",\"@id\":\"https:\\\/\\\/www.leaf.ca\\\/fr\\\/#\\\/schema\\\/logo\\\/image\\\/\",\"url\":\"https:\\\/\\\/www.leaf.ca\\\/wp-content\\\/uploads\\\/2020\\\/09\\\/LEAF_FAEJ_hz_names_colour_rgb.svg\",\"contentUrl\":\"https:\\\/\\\/www.leaf.ca\\\/wp-content\\\/uploads\\\/2020\\\/09\\\/LEAF_FAEJ_hz_names_colour_rgb.svg\",\"width\":612,\"height\":110,\"caption\":\"LEAF\"},\"image\":{\"@id\":\"https:\\\/\\\/www.leaf.ca\\\/fr\\\/#\\\/schema\\\/logo\\\/image\\\/\"}}]}<\/script>\n<!-- \/ Yoast SEO plugin. -->","yoast_head_json":{"title":"Le FAEJ souhaite la bienvenue \u00e0 Ruth Goba, sa nouvelle directrice g\u00e9n\u00e9rale - LEAF","robots":{"index":"index","follow":"follow","max-snippet":"max-snippet:-1","max-image-preview":"max-image-preview:large","max-video-preview":"max-video-preview:-1"},"canonical":"https:\/\/www.leaf.ca\/fr\/news\/le-faej-souhaite-la-bienvenue-a-ruth-goba-sa-nouvelle-directrice-generale\/","og_locale":"fr_FR","og_type":"article","og_title":"Le FAEJ souhaite la bienvenue \u00e0 Ruth Goba, sa nouvelle directrice g\u00e9n\u00e9rale - LEAF","og_description":"15 septembre 2025 Le Fonds d\u2019action et d\u2019\u00e9ducation juridique pour les femmes (FAEJ) est ravi d\u2019annoncer la nomination de Ruth Goba au poste de directrice g\u00e9n\u00e9rale. Mme&nbsp;Goba poss\u00e8de une vaste exp\u00e9rience du f\u00e9minisme intersectionnel, des droits de la personne et de la lutte contre les discriminations. \u00ab&nbsp;Quarante ans apr\u00e8s sa cr\u00e9ation, le FAEJ r\u00e9alise des [&hellip;]","og_url":"https:\/\/www.leaf.ca\/fr\/news\/le-faej-souhaite-la-bienvenue-a-ruth-goba-sa-nouvelle-directrice-generale\/","og_site_name":"LEAF","article_modified_time":"2025-09-12T22:28:03+00:00","og_image":[{"width":940,"height":600,"url":"https:\/\/www.leaf.ca\/wp-content\/uploads\/2025\/09\/ED-Ruth-Goba-Welcome-2.png","type":"image\/png"}],"twitter_card":"summary_large_image","twitter_misc":{"Dur\u00e9e de lecture estim\u00e9e":"3 minutes"},"schema":{"@context":"https:\/\/schema.org","@graph":[{"@type":"WebPage","@id":"https:\/\/www.leaf.ca\/fr\/news\/le-faej-souhaite-la-bienvenue-a-ruth-goba-sa-nouvelle-directrice-generale\/","url":"https:\/\/www.leaf.ca\/fr\/news\/le-faej-souhaite-la-bienvenue-a-ruth-goba-sa-nouvelle-directrice-generale\/","name":"Le FAEJ souhaite la bienvenue \u00e0 Ruth Goba, sa nouvelle directrice g\u00e9n\u00e9rale - LEAF","isPartOf":{"@id":"https:\/\/www.leaf.ca\/fr\/#website"},"primaryImageOfPage":{"@id":"https:\/\/www.leaf.ca\/fr\/news\/le-faej-souhaite-la-bienvenue-a-ruth-goba-sa-nouvelle-directrice-generale\/#primaryimage"},"image":{"@id":"https:\/\/www.leaf.ca\/fr\/news\/le-faej-souhaite-la-bienvenue-a-ruth-goba-sa-nouvelle-directrice-generale\/#primaryimage"},"thumbnailUrl":"https:\/\/www.leaf.ca\/wp-content\/uploads\/2025\/09\/ED-Ruth-Goba-Welcome-2.png","datePublished":"2025-09-12T22:28:01+00:00","dateModified":"2025-09-12T22:28:03+00:00","breadcrumb":{"@id":"https:\/\/www.leaf.ca\/fr\/news\/le-faej-souhaite-la-bienvenue-a-ruth-goba-sa-nouvelle-directrice-generale\/#breadcrumb"},"inLanguage":"fr-FR","potentialAction":[{"@type":"ReadAction","target":["https:\/\/www.leaf.ca\/fr\/news\/le-faej-souhaite-la-bienvenue-a-ruth-goba-sa-nouvelle-directrice-generale\/"]}]},{"@type":"ImageObject","inLanguage":"fr-FR","@id":"https:\/\/www.leaf.ca\/fr\/news\/le-faej-souhaite-la-bienvenue-a-ruth-goba-sa-nouvelle-directrice-generale\/#primaryimage","url":"https:\/\/www.leaf.ca\/wp-content\/uploads\/2025\/09\/ED-Ruth-Goba-Welcome-2.png","contentUrl":"https:\/\/www.leaf.ca\/wp-content\/uploads\/2025\/09\/ED-Ruth-Goba-Welcome-2.png"},{"@type":"BreadcrumbList","@id":"https:\/\/www.leaf.ca\/fr\/news\/le-faej-souhaite-la-bienvenue-a-ruth-goba-sa-nouvelle-directrice-generale\/#breadcrumb","itemListElement":[{"@type":"ListItem","position":1,"name":"Home","item":"https:\/\/www.leaf.ca\/fr\/"},{"@type":"ListItem","position":2,"name":"News","item":"https:\/\/www.leaf.ca\/fr\/news\/"},{"@type":"ListItem","position":3,"name":"Le FAEJ souhaite la bienvenue \u00e0 Ruth Goba, sa nouvelle directrice g\u00e9n\u00e9rale"}]},{"@type":"WebSite","@id":"https:\/\/www.leaf.ca\/fr\/#website","url":"https:\/\/www.leaf.ca\/fr\/","name":"LEAF","description":"Women&#039;s Legal Education and Action Fund","publisher":{"@id":"https:\/\/www.leaf.ca\/fr\/#organization"},"potentialAction":[{"@type":"SearchAction","target":{"@type":"EntryPoint","urlTemplate":"https:\/\/www.leaf.ca\/fr\/?s={search_term_string}"},"query-input":{"@type":"PropertyValueSpecification","valueRequired":true,"valueName":"search_term_string"}}],"inLanguage":"fr-FR"},{"@type":"Organization","@id":"https:\/\/www.leaf.ca\/fr\/#organization","name":"LEAF","url":"https:\/\/www.leaf.ca\/fr\/","logo":{"@type":"ImageObject","inLanguage":"fr-FR","@id":"https:\/\/www.leaf.ca\/fr\/#\/schema\/logo\/image\/","url":"https:\/\/www.leaf.ca\/wp-content\/uploads\/2020\/09\/LEAF_FAEJ_hz_names_colour_rgb.svg","contentUrl":"https:\/\/www.leaf.ca\/wp-content\/uploads\/2020\/09\/LEAF_FAEJ_hz_names_colour_rgb.svg","width":612,"height":110,"caption":"LEAF"},"image":{"@id":"https:\/\/www.leaf.ca\/fr\/#\/schema\/logo\/image\/"}}]}},"_links":{"self":[{"href":"https:\/\/www.leaf.ca\/fr\/wp-json\/wp\/v2\/news\/26005","targetHints":{"allow":["GET"]}}],"collection":[{"href":"https:\/\/www.leaf.ca\/fr\/wp-json\/wp\/v2\/news"}],"about":[{"href":"https:\/\/www.leaf.ca\/fr\/wp-json\/wp\/v2\/types\/news"}],"wp:attachment":[{"href":"https:\/\/www.leaf.ca\/fr\/wp-json\/wp\/v2\/media?parent=26005"}],"wp:term":[{"taxonomy":"category","embeddable":true,"href":"https:\/\/www.leaf.ca\/fr\/wp-json\/wp\/v2\/categories?post=26005"},{"taxonomy":"post_tag","embeddable":true,"href":"https:\/\/www.leaf.ca\/fr\/wp-json\/wp\/v2\/tags?post=26005"}],"curies":[{"name":"wp","href":"https:\/\/api.w.org\/{rel}","templated":true}]}}