{"id":8042,"date":"2015-12-03T21:46:35","date_gmt":"2015-12-04T02:46:35","guid":{"rendered":"https:\/\/www.leaf.ca\/?p=8042"},"modified":"2020-10-26T04:09:44","modified_gmt":"2020-10-26T08:09:44","slug":"leaf-recognizes-the-national-day-of-remembrance-and-action-on-violence-against-women-in-canada-2","status":"publish","type":"news","link":"https:\/\/www.leaf.ca\/fr\/news\/leaf-recognizes-the-national-day-of-remembrance-and-action-on-violence-against-women-in-canada-2\/","title":{"rendered":"LEAF recognizes the National Day of Remembrance and Action on Violence Against Women in Canada"},"content":{"rendered":"\n<p>On every December 6, the Women\u2019s Legal Education and Action Fund (LEAF) recognizes the National Day of Remembrance and Action on Violence Against Women in Canada. LEAF remembers those who lost their lives as a result of gender-based violence and reflects on the daily reality of women who face gender-based violence. We remember the fourteen women who were singled out and murdered at the 1989 \u00c9cole Polytechnique massacre because they were women: Genevi\u00e8ve Bergeron, H\u00e9l\u00e8ne Colgan, Nathalie Croteau, Barbara Daigneault, Anne-Marie Edward, Maud Haviernick, Maryse Lagani\u00e8re, Maryse Leclair, Anne-Marie Lemay, Sonia Pelletier, Mich\u00e8le Richard, Annie St-Arneault, Annie Turcotte and Barbara Klucznik-Widajewicz.<\/p>\n\n\n\n<p>LEAF also remembers Carol Culleton, Anastasia Kuzyk and Nathalie Warmerdam, all three of whom were killed near Wilno, Ontario on a September day this year. The man charged in all three of their murders was on probation after conviction on charges relating to his violent acts toward two of the women. He was also subject to a lifetime weapons ban, yet he used a gun on that day this September.<\/p>\n\n\n\n<p>According to Statistics Canada <a href=\"http:\/\/www.statcan.gc.ca\/daily-quotidien\/151125\/dq151125a-eng.htm?HPA\" target=\"_blank\" rel=\"noopener noreferrer\">data<\/a> for 2014, there were 83 intimate partner homicides in Canada, 11 more than in 2013, and the rate of intimate partner homicides was four times greater for females than for males. There was an increase in firearm-related homicides in 2014.<\/p>\n\n\n\n<p>LEAF welcomes the <a href=\"http:\/\/www.cbc.ca\/news\/canada\/montreal\/quebec-gun-registry-bill-1.3348193\" target=\"_blank\" rel=\"noopener noreferrer\" data-cke-saved-href=\"http:\/\/www.cbc.ca\/news\/canada\/montreal\/quebec-gun-registry-bill-1.3348193\">news<\/a> this week that the Qu\u00e9bec government has introduced Bill 64, the Firearms Registration Act, which would require that all firearms&nbsp;in Qu\u00e9bec&nbsp;be registered.<\/p>\n\n\n\n<p>With our allies, LEAF will continue to urge the federal government to commit to adopting and implementing a comprehensive national action <a href=\"https:\/\/www.leaf.ca\/wp-content\/uploads\/2015\/12\/Blueprint-for-Canadas-NAP-on-VAW.pdf\" target=\"_blank\" rel=\"noopener noreferrer\" data-cke-saved-href=\"https:\/\/www.leaf.ca\/wp-content\/uploads\/2015\/12\/Blueprint-for-Canadas-NAP-on-VAW.pdf\">plan<\/a> to&nbsp;end violence against women in Canada.<\/p>\n\n\n\n<p>The violent deaths of women in this country are all too common. Yet each one should provoke outrage and a concerted response.<\/p>\n\n\n\n<p><strong>Violence against women must end.<\/strong><\/p>\n\n\n\n<p><strong>On this National Day of Remembrance and Action on Violence Against Women, we at LEAF are united in our determination to make this country a safe and equal place for all women and girls.<\/strong><\/p>\n\n\n\n<p>Since 1985, LEAF has been committed to challenging all forms of violence and discrimination against women and girls through litigation, public education, and law reform under the <em>Canadian Charter of Rights and Freedoms<\/em>. For more information visit <a href=\"https:\/\/www.leaf.ca\/\" data-cke-saved-href=\"https:\/\/www.leaf.ca\/\">www.leaf.ca<\/a> or contact us at <a href=\"mailto:info@leaf.ca\" data-cke-saved-href=\"mailto:info@leaf.ca\">info@leaf.ca<\/a> or 416.595.7170 or toll-free 1.888.824.5323.<\/p>\n","protected":false},"featured_media":0,"template":"","meta":{"_acf_changed":false},"categories":[25,4],"tags":[],"class_list":["post-8042","news","type-news","status-publish","hentry","category-featured","category-whats-new"],"acf":[],"yoast_head":"<!-- This site is optimized with the Yoast SEO plugin v27.4 - https:\/\/yoast.com\/product\/yoast-seo-wordpress\/ -->\n<title>LEAF recognizes the National Day of Remembrance and Action on Violence Against Women in Canada - LEAF<\/title>\n<meta name=\"robots\" content=\"index, follow, max-snippet:-1, max-image-preview:large, max-video-preview:-1\" \/>\n<link rel=\"canonical\" href=\"https:\/\/www.leaf.ca\/fr\/news\/leaf-recognizes-the-national-day-of-remembrance-and-action-on-violence-against-women-in-canada-2\/\" \/>\n<meta property=\"og:locale\" content=\"fr_FR\" \/>\n<meta property=\"og:type\" content=\"article\" \/>\n<meta property=\"og:title\" content=\"LEAF recognizes the National Day of Remembrance and Action on Violence Against Women in Canada - LEAF\" \/>\n<meta property=\"og:description\" content=\"On every December 6, the Women\u2019s Legal Education and Action Fund (LEAF) recognizes the National Day of Remembrance and Action on Violence Against Women in Canada. LEAF remembers those who lost their lives as a result of gender-based violence and reflects on the daily reality of women who face gender-based violence. We remember the fourteen [&hellip;]\" \/>\n<meta property=\"og:url\" content=\"https:\/\/www.leaf.ca\/fr\/news\/leaf-recognizes-the-national-day-of-remembrance-and-action-on-violence-against-women-in-canada-2\/\" \/>\n<meta property=\"og:site_name\" content=\"LEAF\" \/>\n<meta property=\"article:modified_time\" content=\"2020-10-26T08:09:44+00:00\" \/>\n<meta name=\"twitter:card\" content=\"summary_large_image\" \/>\n<meta name=\"twitter:label1\" content=\"Dur\u00e9e de lecture estim\u00e9e\" \/>\n\t<meta name=\"twitter:data1\" content=\"2 minutes\" \/>\n<script type=\"application\/ld+json\" class=\"yoast-schema-graph\">{\"@context\":\"https:\\\/\\\/schema.org\",\"@graph\":[{\"@type\":\"WebPage\",\"@id\":\"https:\\\/\\\/www.leaf.ca\\\/fr\\\/news\\\/leaf-recognizes-the-national-day-of-remembrance-and-action-on-violence-against-women-in-canada-2\\\/\",\"url\":\"https:\\\/\\\/www.leaf.ca\\\/fr\\\/news\\\/leaf-recognizes-the-national-day-of-remembrance-and-action-on-violence-against-women-in-canada-2\\\/\",\"name\":\"LEAF recognizes the National Day of Remembrance and Action on Violence Against Women in Canada - LEAF\",\"isPartOf\":{\"@id\":\"https:\\\/\\\/www.leaf.ca\\\/fr\\\/#website\"},\"datePublished\":\"2015-12-04T02:46:35+00:00\",\"dateModified\":\"2020-10-26T08:09:44+00:00\",\"breadcrumb\":{\"@id\":\"https:\\\/\\\/www.leaf.ca\\\/fr\\\/news\\\/leaf-recognizes-the-national-day-of-remembrance-and-action-on-violence-against-women-in-canada-2\\\/#breadcrumb\"},\"inLanguage\":\"fr-FR\",\"potentialAction\":[{\"@type\":\"ReadAction\",\"target\":[\"https:\\\/\\\/www.leaf.ca\\\/fr\\\/news\\\/leaf-recognizes-the-national-day-of-remembrance-and-action-on-violence-against-women-in-canada-2\\\/\"]}]},{\"@type\":\"BreadcrumbList\",\"@id\":\"https:\\\/\\\/www.leaf.ca\\\/fr\\\/news\\\/leaf-recognizes-the-national-day-of-remembrance-and-action-on-violence-against-women-in-canada-2\\\/#breadcrumb\",\"itemListElement\":[{\"@type\":\"ListItem\",\"position\":1,\"name\":\"Home\",\"item\":\"https:\\\/\\\/www.leaf.ca\\\/fr\\\/\"},{\"@type\":\"ListItem\",\"position\":2,\"name\":\"News\",\"item\":\"https:\\\/\\\/www.leaf.ca\\\/fr\\\/news\\\/\"},{\"@type\":\"ListItem\",\"position\":3,\"name\":\"LEAF recognizes the National Day of Remembrance and Action on Violence Against Women in Canada\"}]},{\"@type\":\"WebSite\",\"@id\":\"https:\\\/\\\/www.leaf.ca\\\/fr\\\/#website\",\"url\":\"https:\\\/\\\/www.leaf.ca\\\/fr\\\/\",\"name\":\"LEAF\",\"description\":\"Women&#039;s Legal Education and Action Fund\",\"publisher\":{\"@id\":\"https:\\\/\\\/www.leaf.ca\\\/fr\\\/#organization\"},\"potentialAction\":[{\"@type\":\"SearchAction\",\"target\":{\"@type\":\"EntryPoint\",\"urlTemplate\":\"https:\\\/\\\/www.leaf.ca\\\/fr\\\/?s={search_term_string}\"},\"query-input\":{\"@type\":\"PropertyValueSpecification\",\"valueRequired\":true,\"valueName\":\"search_term_string\"}}],\"inLanguage\":\"fr-FR\"},{\"@type\":\"Organization\",\"@id\":\"https:\\\/\\\/www.leaf.ca\\\/fr\\\/#organization\",\"name\":\"LEAF\",\"url\":\"https:\\\/\\\/www.leaf.ca\\\/fr\\\/\",\"logo\":{\"@type\":\"ImageObject\",\"inLanguage\":\"fr-FR\",\"@id\":\"https:\\\/\\\/www.leaf.ca\\\/fr\\\/#\\\/schema\\\/logo\\\/image\\\/\",\"url\":\"https:\\\/\\\/www.leaf.ca\\\/wp-content\\\/uploads\\\/2020\\\/09\\\/LEAF_FAEJ_hz_names_colour_rgb.svg\",\"contentUrl\":\"https:\\\/\\\/www.leaf.ca\\\/wp-content\\\/uploads\\\/2020\\\/09\\\/LEAF_FAEJ_hz_names_colour_rgb.svg\",\"width\":612,\"height\":110,\"caption\":\"LEAF\"},\"image\":{\"@id\":\"https:\\\/\\\/www.leaf.ca\\\/fr\\\/#\\\/schema\\\/logo\\\/image\\\/\"}}]}<\/script>\n<!-- \/ Yoast SEO plugin. -->","yoast_head_json":{"title":"LEAF recognizes the National Day of Remembrance and Action on Violence Against Women in Canada - LEAF","robots":{"index":"index","follow":"follow","max-snippet":"max-snippet:-1","max-image-preview":"max-image-preview:large","max-video-preview":"max-video-preview:-1"},"canonical":"https:\/\/www.leaf.ca\/fr\/news\/leaf-recognizes-the-national-day-of-remembrance-and-action-on-violence-against-women-in-canada-2\/","og_locale":"fr_FR","og_type":"article","og_title":"LEAF recognizes the National Day of Remembrance and Action on Violence Against Women in Canada - LEAF","og_description":"On every December 6, the Women\u2019s Legal Education and Action Fund (LEAF) recognizes the National Day of Remembrance and Action on Violence Against Women in Canada. LEAF remembers those who lost their lives as a result of gender-based violence and reflects on the daily reality of women who face gender-based violence. We remember the fourteen [&hellip;]","og_url":"https:\/\/www.leaf.ca\/fr\/news\/leaf-recognizes-the-national-day-of-remembrance-and-action-on-violence-against-women-in-canada-2\/","og_site_name":"LEAF","article_modified_time":"2020-10-26T08:09:44+00:00","twitter_card":"summary_large_image","twitter_misc":{"Dur\u00e9e de lecture estim\u00e9e":"2 minutes"},"schema":{"@context":"https:\/\/schema.org","@graph":[{"@type":"WebPage","@id":"https:\/\/www.leaf.ca\/fr\/news\/leaf-recognizes-the-national-day-of-remembrance-and-action-on-violence-against-women-in-canada-2\/","url":"https:\/\/www.leaf.ca\/fr\/news\/leaf-recognizes-the-national-day-of-remembrance-and-action-on-violence-against-women-in-canada-2\/","name":"LEAF recognizes the National Day of Remembrance and Action on Violence Against Women in Canada - LEAF","isPartOf":{"@id":"https:\/\/www.leaf.ca\/fr\/#website"},"datePublished":"2015-12-04T02:46:35+00:00","dateModified":"2020-10-26T08:09:44+00:00","breadcrumb":{"@id":"https:\/\/www.leaf.ca\/fr\/news\/leaf-recognizes-the-national-day-of-remembrance-and-action-on-violence-against-women-in-canada-2\/#breadcrumb"},"inLanguage":"fr-FR","potentialAction":[{"@type":"ReadAction","target":["https:\/\/www.leaf.ca\/fr\/news\/leaf-recognizes-the-national-day-of-remembrance-and-action-on-violence-against-women-in-canada-2\/"]}]},{"@type":"BreadcrumbList","@id":"https:\/\/www.leaf.ca\/fr\/news\/leaf-recognizes-the-national-day-of-remembrance-and-action-on-violence-against-women-in-canada-2\/#breadcrumb","itemListElement":[{"@type":"ListItem","position":1,"name":"Home","item":"https:\/\/www.leaf.ca\/fr\/"},{"@type":"ListItem","position":2,"name":"News","item":"https:\/\/www.leaf.ca\/fr\/news\/"},{"@type":"ListItem","position":3,"name":"LEAF recognizes the National Day of Remembrance and Action on Violence Against Women in Canada"}]},{"@type":"WebSite","@id":"https:\/\/www.leaf.ca\/fr\/#website","url":"https:\/\/www.leaf.ca\/fr\/","name":"LEAF","description":"Women&#039;s Legal Education and Action Fund","publisher":{"@id":"https:\/\/www.leaf.ca\/fr\/#organization"},"potentialAction":[{"@type":"SearchAction","target":{"@type":"EntryPoint","urlTemplate":"https:\/\/www.leaf.ca\/fr\/?s={search_term_string}"},"query-input":{"@type":"PropertyValueSpecification","valueRequired":true,"valueName":"search_term_string"}}],"inLanguage":"fr-FR"},{"@type":"Organization","@id":"https:\/\/www.leaf.ca\/fr\/#organization","name":"LEAF","url":"https:\/\/www.leaf.ca\/fr\/","logo":{"@type":"ImageObject","inLanguage":"fr-FR","@id":"https:\/\/www.leaf.ca\/fr\/#\/schema\/logo\/image\/","url":"https:\/\/www.leaf.ca\/wp-content\/uploads\/2020\/09\/LEAF_FAEJ_hz_names_colour_rgb.svg","contentUrl":"https:\/\/www.leaf.ca\/wp-content\/uploads\/2020\/09\/LEAF_FAEJ_hz_names_colour_rgb.svg","width":612,"height":110,"caption":"LEAF"},"image":{"@id":"https:\/\/www.leaf.ca\/fr\/#\/schema\/logo\/image\/"}}]}},"_links":{"self":[{"href":"https:\/\/www.leaf.ca\/fr\/wp-json\/wp\/v2\/news\/8042","targetHints":{"allow":["GET"]}}],"collection":[{"href":"https:\/\/www.leaf.ca\/fr\/wp-json\/wp\/v2\/news"}],"about":[{"href":"https:\/\/www.leaf.ca\/fr\/wp-json\/wp\/v2\/types\/news"}],"wp:attachment":[{"href":"https:\/\/www.leaf.ca\/fr\/wp-json\/wp\/v2\/media?parent=8042"}],"wp:term":[{"taxonomy":"category","embeddable":true,"href":"https:\/\/www.leaf.ca\/fr\/wp-json\/wp\/v2\/categories?post=8042"},{"taxonomy":"post_tag","embeddable":true,"href":"https:\/\/www.leaf.ca\/fr\/wp-json\/wp\/v2\/tags?post=8042"}],"curies":[{"name":"wp","href":"https:\/\/api.w.org\/{rel}","templated":true}]}}