{"id":8846,"date":"2016-07-13T14:29:52","date_gmt":"2016-07-13T18:29:52","guid":{"rendered":"https:\/\/www.leaf.ca\/?p=8846"},"modified":"2020-10-25T19:49:45","modified_gmt":"2020-10-25T23:49:45","slug":"panel-advocacy-speaking-truth-to-power-status-of-women-canada","status":"publish","type":"news","link":"https:\/\/www.leaf.ca\/fr\/news\/panel-advocacy-speaking-truth-to-power-status-of-women-canada\/","title":{"rendered":"Panel: \u00ab\u00a0Advocacy: speaking truth to power\u00a0\u00bb Status of Women Canada"},"content":{"rendered":"\n<figure class=\"wp-block-image\"><img fetchpriority=\"high\" decoding=\"async\" width=\"620\" height=\"103\" src=\"https:\/\/www.leaf.ca\/wp-content\/uploads\/2016\/07\/sowcleafbanner-620x103.jpg\" alt=\"sowcleafbanner\" class=\"wp-image-8851\" srcset=\"https:\/\/www.leaf.ca\/wp-content\/uploads\/2016\/07\/sowcleafbanner-620x103.jpg 620w, https:\/\/www.leaf.ca\/wp-content\/uploads\/2016\/07\/sowcleafbanner-768x127.jpg 768w, https:\/\/www.leaf.ca\/wp-content\/uploads\/2016\/07\/sowcleafbanner-1024x170.jpg 1024w, https:\/\/www.leaf.ca\/wp-content\/uploads\/2016\/07\/sowcleafbanner.jpg 2000w\" sizes=\"(max-width: 620px) 100vw, 620px\" \/><\/figure>\n\n\n\n<p>Join us as we celebrate the return of advocacy to the scope of Status of Women Canada projects with a panel discussion entitled \u00ab\u00a0<strong><em>Advocacy: speaking truth to power<\/em><\/strong>.<strong><em>\u201d<\/em><\/strong> During this 45 mins session, top advocates and experts will explore advocacy and its role in advancing gender equality.<\/p>\n\n\n\n<p>Our panelists will be:<\/p>\n\n\n\n<ul class=\"wp-block-list\"><li>The <strong>Honourable Patty Hajdu<\/strong>, Minister of Status of Women<\/li><li><strong>Paulette Senior<\/strong>, Chief Executive Officer of YWCA Canada<\/li><li><strong>Diane O\u2019Reggio<\/strong>, Executive Director, LEAF<\/li><li><strong>Lise Martin<\/strong>, Executive Director, Canadian Network of Women\u2019s Shelters &amp; Transition Houses<\/li><li><strong>Julie Lalonde<\/strong>, Social Justice Advocate<\/li><\/ul>\n\n\n\n<p><strong>WHEN:<\/strong><\/p>\n\n\n\n<p>Monday, July 18, 2016<br>1:00PM<\/p>\n\n\n\n<p><strong>WHERE:<\/strong><\/p>\n\n\n\n<p>Sheraton Hotel<em>&nbsp;\u2013 Kent Room<br><\/em>123 Queen Street West<br>Toronto, Ontario<strong>&nbsp; <\/strong><\/p>\n\n\n\n<p>Join us for an engaging discussion!<\/p>\n\n\n\n<p>Please confirm your presence at <a href=\"mailto:RSVP@swc-cfc.gc.ca\">RSVP@swc-cfc.gc.ca<\/a> before Friday, July 15 2016. Please indicate if you are bringing a guest.<\/p>\n\n\n\n<hr class=\"wp-block-separator\"\/>\n\n\n\n<p>Venez c\u00e9l\u00e9brer avec nous le retour de la revendication parmi les activit\u00e9s financ\u00e9es par Condition f\u00e9minine Canada dans le cadre de projets. Pour l\u2019occasion, nous proposons une table ronde intitul\u00e9e \u00ab&nbsp;<strong><em>La revendication&nbsp;: forcer le pouvoir \u00e0 voir les faits en face<\/em><\/strong>&nbsp;\u00bb, afin de r\u00e9fl\u00e9chir \u00e0 l\u2019apport de la revendication \u00e0 l\u2019avancement de l\u2019\u00e9galit\u00e9 des sexes. D\u2019une dur\u00e9e de 45 minutes, cette table ronde r\u00e9unira une brochette de militantes et d\u2019expertes de renom&nbsp;:<\/p>\n\n\n\n<ul class=\"wp-block-list\"><li>L\u2019<strong>honorable Patty Hajdu<\/strong>, ministre de la Condition f\u00e9minine<\/li><li><strong>Paulette Senior<\/strong>, pr\u00e9sidente-directrice g\u00e9n\u00e9rale, YWCA Canada<\/li><li><strong>Diane O\u2019Reggio<\/strong>, directrice administrative, Fonds d\u2019action et d\u2019\u00e9ducation juridiques pour les femmes<\/li><li><strong>Lise Martin<\/strong>, directrice administrative, R\u00e9seau canadien des maisons d\u2019h\u00e9bergement pour femmes<\/li><li><strong>Julie Lalonde<\/strong>, d\u00e9fenseuse de la justice sociale<\/li><\/ul>\n\n\n\n<p><strong>QUAND :<\/strong><\/p>\n\n\n\n<p>Lundi 18&nbsp;juillet&nbsp;2016<br>13&nbsp;h<\/p>\n\n\n\n<p><strong>O\u00f9 :<\/strong><\/p>\n\n\n\n<p>H\u00f4tel Sheraton<em>&nbsp;\u2013 salle Kent<br><\/em>123, rue Queen Ouest<br>Toronto (Ontario)<strong><br><\/strong><\/p>\n\n\n\n<p>Nous esp\u00e9rons que vous serez des n\u00f4tres pour cette discussion anim\u00e9e!<\/p>\n\n\n\n<p>Nous vous prions de confirmer votre pr\u00e9sence et d\u2019indiquer si vous viendrez avec une ou un invit\u00e9 en faisant parvenir un courriel \u00e0 <a href=\"mailto:RSVP@swc-cfc.gc.ca\">RSVP@swc-cfc.gc.ca<\/a> au plus tard le vendredi &nbsp;15&nbsp;juillet 2016.<\/p>\n","protected":false},"featured_media":5592,"template":"","meta":{"_acf_changed":false},"categories":[18,107,4],"tags":[99,122,116,100],"class_list":["post-8846","news","type-news","status-publish","has-post-thumbnail","hentry","category-events","category-leaf-national","category-whats-new","tag-equality","tag-leaf-national","tag-rights","tag-women"],"acf":[],"yoast_head":"<!-- This site is optimized with the Yoast SEO plugin v27.4 - https:\/\/yoast.com\/product\/yoast-seo-wordpress\/ -->\n<title>Panel: &quot;Advocacy: speaking truth to power&quot; Status of Women Canada - LEAF<\/title>\n<meta name=\"robots\" content=\"index, follow, max-snippet:-1, max-image-preview:large, max-video-preview:-1\" \/>\n<link rel=\"canonical\" href=\"https:\/\/www.leaf.ca\/fr\/news\/panel-advocacy-speaking-truth-to-power-status-of-women-canada\/\" \/>\n<meta property=\"og:locale\" content=\"fr_FR\" \/>\n<meta property=\"og:type\" content=\"article\" \/>\n<meta property=\"og:title\" content=\"Panel: &quot;Advocacy: speaking truth to power&quot; Status of Women Canada - LEAF\" \/>\n<meta property=\"og:description\" content=\"Join us as we celebrate the return of advocacy to the scope of Status of Women Canada projects with a panel discussion entitled \u00ab\u00a0Advocacy: speaking truth to power.\u201d During this 45 mins session, top advocates and experts will explore advocacy and its role in advancing gender equality. Our panelists will be: The Honourable Patty Hajdu, [&hellip;]\" \/>\n<meta property=\"og:url\" content=\"https:\/\/www.leaf.ca\/fr\/news\/panel-advocacy-speaking-truth-to-power-status-of-women-canada\/\" \/>\n<meta property=\"og:site_name\" content=\"LEAF\" \/>\n<meta property=\"article:modified_time\" content=\"2020-10-25T23:49:45+00:00\" \/>\n<meta property=\"og:image\" content=\"https:\/\/www.leaf.ca\/wp-content\/uploads\/2014\/07\/leaf-thumb.png\" \/>\n\t<meta property=\"og:image:width\" content=\"135\" \/>\n\t<meta property=\"og:image:height\" content=\"135\" \/>\n\t<meta property=\"og:image:type\" content=\"image\/png\" \/>\n<meta name=\"twitter:card\" content=\"summary_large_image\" \/>\n<meta name=\"twitter:label1\" content=\"Dur\u00e9e de lecture estim\u00e9e\" \/>\n\t<meta name=\"twitter:data1\" content=\"2 minutes\" \/>\n<script type=\"application\/ld+json\" class=\"yoast-schema-graph\">{\"@context\":\"https:\\\/\\\/schema.org\",\"@graph\":[{\"@type\":\"WebPage\",\"@id\":\"https:\\\/\\\/www.leaf.ca\\\/fr\\\/news\\\/panel-advocacy-speaking-truth-to-power-status-of-women-canada\\\/\",\"url\":\"https:\\\/\\\/www.leaf.ca\\\/fr\\\/news\\\/panel-advocacy-speaking-truth-to-power-status-of-women-canada\\\/\",\"name\":\"Panel: \\\"Advocacy: speaking truth to power\\\" Status of Women Canada - LEAF\",\"isPartOf\":{\"@id\":\"https:\\\/\\\/www.leaf.ca\\\/fr\\\/#website\"},\"primaryImageOfPage\":{\"@id\":\"https:\\\/\\\/www.leaf.ca\\\/fr\\\/news\\\/panel-advocacy-speaking-truth-to-power-status-of-women-canada\\\/#primaryimage\"},\"image\":{\"@id\":\"https:\\\/\\\/www.leaf.ca\\\/fr\\\/news\\\/panel-advocacy-speaking-truth-to-power-status-of-women-canada\\\/#primaryimage\"},\"thumbnailUrl\":\"https:\\\/\\\/www.leaf.ca\\\/wp-content\\\/uploads\\\/2014\\\/07\\\/leaf-thumb.png\",\"datePublished\":\"2016-07-13T18:29:52+00:00\",\"dateModified\":\"2020-10-25T23:49:45+00:00\",\"breadcrumb\":{\"@id\":\"https:\\\/\\\/www.leaf.ca\\\/fr\\\/news\\\/panel-advocacy-speaking-truth-to-power-status-of-women-canada\\\/#breadcrumb\"},\"inLanguage\":\"fr-FR\",\"potentialAction\":[{\"@type\":\"ReadAction\",\"target\":[\"https:\\\/\\\/www.leaf.ca\\\/fr\\\/news\\\/panel-advocacy-speaking-truth-to-power-status-of-women-canada\\\/\"]}]},{\"@type\":\"ImageObject\",\"inLanguage\":\"fr-FR\",\"@id\":\"https:\\\/\\\/www.leaf.ca\\\/fr\\\/news\\\/panel-advocacy-speaking-truth-to-power-status-of-women-canada\\\/#primaryimage\",\"url\":\"https:\\\/\\\/www.leaf.ca\\\/wp-content\\\/uploads\\\/2014\\\/07\\\/leaf-thumb.png\",\"contentUrl\":\"https:\\\/\\\/www.leaf.ca\\\/wp-content\\\/uploads\\\/2014\\\/07\\\/leaf-thumb.png\",\"width\":135,\"height\":135},{\"@type\":\"BreadcrumbList\",\"@id\":\"https:\\\/\\\/www.leaf.ca\\\/fr\\\/news\\\/panel-advocacy-speaking-truth-to-power-status-of-women-canada\\\/#breadcrumb\",\"itemListElement\":[{\"@type\":\"ListItem\",\"position\":1,\"name\":\"Home\",\"item\":\"https:\\\/\\\/www.leaf.ca\\\/fr\\\/\"},{\"@type\":\"ListItem\",\"position\":2,\"name\":\"News\",\"item\":\"https:\\\/\\\/www.leaf.ca\\\/fr\\\/news\\\/\"},{\"@type\":\"ListItem\",\"position\":3,\"name\":\"Panel: &#8220;Advocacy: speaking truth to power&#8221; Status of Women Canada\"}]},{\"@type\":\"WebSite\",\"@id\":\"https:\\\/\\\/www.leaf.ca\\\/fr\\\/#website\",\"url\":\"https:\\\/\\\/www.leaf.ca\\\/fr\\\/\",\"name\":\"LEAF\",\"description\":\"Women&#039;s Legal Education and Action Fund\",\"publisher\":{\"@id\":\"https:\\\/\\\/www.leaf.ca\\\/fr\\\/#organization\"},\"potentialAction\":[{\"@type\":\"SearchAction\",\"target\":{\"@type\":\"EntryPoint\",\"urlTemplate\":\"https:\\\/\\\/www.leaf.ca\\\/fr\\\/?s={search_term_string}\"},\"query-input\":{\"@type\":\"PropertyValueSpecification\",\"valueRequired\":true,\"valueName\":\"search_term_string\"}}],\"inLanguage\":\"fr-FR\"},{\"@type\":\"Organization\",\"@id\":\"https:\\\/\\\/www.leaf.ca\\\/fr\\\/#organization\",\"name\":\"LEAF\",\"url\":\"https:\\\/\\\/www.leaf.ca\\\/fr\\\/\",\"logo\":{\"@type\":\"ImageObject\",\"inLanguage\":\"fr-FR\",\"@id\":\"https:\\\/\\\/www.leaf.ca\\\/fr\\\/#\\\/schema\\\/logo\\\/image\\\/\",\"url\":\"https:\\\/\\\/www.leaf.ca\\\/wp-content\\\/uploads\\\/2020\\\/09\\\/LEAF_FAEJ_hz_names_colour_rgb.svg\",\"contentUrl\":\"https:\\\/\\\/www.leaf.ca\\\/wp-content\\\/uploads\\\/2020\\\/09\\\/LEAF_FAEJ_hz_names_colour_rgb.svg\",\"width\":612,\"height\":110,\"caption\":\"LEAF\"},\"image\":{\"@id\":\"https:\\\/\\\/www.leaf.ca\\\/fr\\\/#\\\/schema\\\/logo\\\/image\\\/\"}}]}<\/script>\n<!-- \/ Yoast SEO plugin. -->","yoast_head_json":{"title":"Panel: \"Advocacy: speaking truth to power\" Status of Women Canada - LEAF","robots":{"index":"index","follow":"follow","max-snippet":"max-snippet:-1","max-image-preview":"max-image-preview:large","max-video-preview":"max-video-preview:-1"},"canonical":"https:\/\/www.leaf.ca\/fr\/news\/panel-advocacy-speaking-truth-to-power-status-of-women-canada\/","og_locale":"fr_FR","og_type":"article","og_title":"Panel: \"Advocacy: speaking truth to power\" Status of Women Canada - LEAF","og_description":"Join us as we celebrate the return of advocacy to the scope of Status of Women Canada projects with a panel discussion entitled \u00ab\u00a0Advocacy: speaking truth to power.\u201d During this 45 mins session, top advocates and experts will explore advocacy and its role in advancing gender equality. Our panelists will be: The Honourable Patty Hajdu, [&hellip;]","og_url":"https:\/\/www.leaf.ca\/fr\/news\/panel-advocacy-speaking-truth-to-power-status-of-women-canada\/","og_site_name":"LEAF","article_modified_time":"2020-10-25T23:49:45+00:00","og_image":[{"width":135,"height":135,"url":"https:\/\/www.leaf.ca\/wp-content\/uploads\/2014\/07\/leaf-thumb.png","type":"image\/png"}],"twitter_card":"summary_large_image","twitter_misc":{"Dur\u00e9e de lecture estim\u00e9e":"2 minutes"},"schema":{"@context":"https:\/\/schema.org","@graph":[{"@type":"WebPage","@id":"https:\/\/www.leaf.ca\/fr\/news\/panel-advocacy-speaking-truth-to-power-status-of-women-canada\/","url":"https:\/\/www.leaf.ca\/fr\/news\/panel-advocacy-speaking-truth-to-power-status-of-women-canada\/","name":"Panel: \"Advocacy: speaking truth to power\" Status of Women Canada - LEAF","isPartOf":{"@id":"https:\/\/www.leaf.ca\/fr\/#website"},"primaryImageOfPage":{"@id":"https:\/\/www.leaf.ca\/fr\/news\/panel-advocacy-speaking-truth-to-power-status-of-women-canada\/#primaryimage"},"image":{"@id":"https:\/\/www.leaf.ca\/fr\/news\/panel-advocacy-speaking-truth-to-power-status-of-women-canada\/#primaryimage"},"thumbnailUrl":"https:\/\/www.leaf.ca\/wp-content\/uploads\/2014\/07\/leaf-thumb.png","datePublished":"2016-07-13T18:29:52+00:00","dateModified":"2020-10-25T23:49:45+00:00","breadcrumb":{"@id":"https:\/\/www.leaf.ca\/fr\/news\/panel-advocacy-speaking-truth-to-power-status-of-women-canada\/#breadcrumb"},"inLanguage":"fr-FR","potentialAction":[{"@type":"ReadAction","target":["https:\/\/www.leaf.ca\/fr\/news\/panel-advocacy-speaking-truth-to-power-status-of-women-canada\/"]}]},{"@type":"ImageObject","inLanguage":"fr-FR","@id":"https:\/\/www.leaf.ca\/fr\/news\/panel-advocacy-speaking-truth-to-power-status-of-women-canada\/#primaryimage","url":"https:\/\/www.leaf.ca\/wp-content\/uploads\/2014\/07\/leaf-thumb.png","contentUrl":"https:\/\/www.leaf.ca\/wp-content\/uploads\/2014\/07\/leaf-thumb.png","width":135,"height":135},{"@type":"BreadcrumbList","@id":"https:\/\/www.leaf.ca\/fr\/news\/panel-advocacy-speaking-truth-to-power-status-of-women-canada\/#breadcrumb","itemListElement":[{"@type":"ListItem","position":1,"name":"Home","item":"https:\/\/www.leaf.ca\/fr\/"},{"@type":"ListItem","position":2,"name":"News","item":"https:\/\/www.leaf.ca\/fr\/news\/"},{"@type":"ListItem","position":3,"name":"Panel: &#8220;Advocacy: speaking truth to power&#8221; Status of Women Canada"}]},{"@type":"WebSite","@id":"https:\/\/www.leaf.ca\/fr\/#website","url":"https:\/\/www.leaf.ca\/fr\/","name":"LEAF","description":"Women&#039;s Legal Education and Action Fund","publisher":{"@id":"https:\/\/www.leaf.ca\/fr\/#organization"},"potentialAction":[{"@type":"SearchAction","target":{"@type":"EntryPoint","urlTemplate":"https:\/\/www.leaf.ca\/fr\/?s={search_term_string}"},"query-input":{"@type":"PropertyValueSpecification","valueRequired":true,"valueName":"search_term_string"}}],"inLanguage":"fr-FR"},{"@type":"Organization","@id":"https:\/\/www.leaf.ca\/fr\/#organization","name":"LEAF","url":"https:\/\/www.leaf.ca\/fr\/","logo":{"@type":"ImageObject","inLanguage":"fr-FR","@id":"https:\/\/www.leaf.ca\/fr\/#\/schema\/logo\/image\/","url":"https:\/\/www.leaf.ca\/wp-content\/uploads\/2020\/09\/LEAF_FAEJ_hz_names_colour_rgb.svg","contentUrl":"https:\/\/www.leaf.ca\/wp-content\/uploads\/2020\/09\/LEAF_FAEJ_hz_names_colour_rgb.svg","width":612,"height":110,"caption":"LEAF"},"image":{"@id":"https:\/\/www.leaf.ca\/fr\/#\/schema\/logo\/image\/"}}]}},"_links":{"self":[{"href":"https:\/\/www.leaf.ca\/fr\/wp-json\/wp\/v2\/news\/8846","targetHints":{"allow":["GET"]}}],"collection":[{"href":"https:\/\/www.leaf.ca\/fr\/wp-json\/wp\/v2\/news"}],"about":[{"href":"https:\/\/www.leaf.ca\/fr\/wp-json\/wp\/v2\/types\/news"}],"wp:featuredmedia":[{"embeddable":true,"href":"https:\/\/www.leaf.ca\/fr\/wp-json\/wp\/v2\/media\/5592"}],"wp:attachment":[{"href":"https:\/\/www.leaf.ca\/fr\/wp-json\/wp\/v2\/media?parent=8846"}],"wp:term":[{"taxonomy":"category","embeddable":true,"href":"https:\/\/www.leaf.ca\/fr\/wp-json\/wp\/v2\/categories?post=8846"},{"taxonomy":"post_tag","embeddable":true,"href":"https:\/\/www.leaf.ca\/fr\/wp-json\/wp\/v2\/tags?post=8846"}],"curies":[{"name":"wp","href":"https:\/\/api.w.org\/{rel}","templated":true}]}}